{"id":20928,"date":"2023-09-25T18:31:25","date_gmt":"2023-09-25T18:31:25","guid":{"rendered":"https:\/\/mediocudeyo.es\/web\/?p=20928"},"modified":"2023-09-25T18:31:25","modified_gmt":"2023-09-25T18:31:25","slug":"fusionarte-conciertos-para-una-vida-de-pelicula-coral-portus-victorae","status":"publish","type":"post","link":"https:\/\/mediocudeyo.es\/web\/fusionarte-conciertos-para-una-vida-de-pelicula-coral-portus-victorae\/","title":{"rendered":"FusionARTE: \u00abCONCIERTOS PARA UNA VIDA DE PEL\u00cdCULA\u00bb Coral Portus Victorae"},"content":{"rendered":"<div class=\"xdj266r x11i5rnm xat24cr x1mh8g0r x1vvkbs x126k92a\">\n<div dir=\"auto\">Ya puedes reservar tus entradas para el ciclo FusionARTE.<\/div>\n<\/div>\n<div class=\"x11i5rnm xat24cr x1mh8g0r x1vvkbs xtlvy1s x126k92a\">\n<div dir=\"auto\"><\/div>\n<\/div>\n<div class=\"x11i5rnm xat24cr x1mh8g0r x1vvkbs xtlvy1s x126k92a\">\n<div dir=\"auto\">El <strong>s\u00e1bado 7 de octubre<\/strong> abriremos FusionARTE con la actuaci\u00f3n musical <em><strong>\u00abCONCIERTOS PARA UNA VIDA DE PEL\u00cdCULA\u00bb de la Coral Portus Victorae<\/strong><\/em>.<\/div>\n<div dir=\"auto\">El repertorio de esta coral es amplio y variado, religioso y profano, tanto nacional como internacional. Comprende desde obras renacentistas hasta comedia musical, pasando por la m\u00fasica cl\u00e1sica, gospel, habaneras, zarzuelas, \u00f3pera, folklore, villancicos, etc. y m\u00fasica del cine, que es lo que nos ofrecer\u00e1 en esta ocasi\u00f3n.<\/div>\n<div dir=\"auto\"><\/div>\n<\/div>\n<div class=\"x11i5rnm xat24cr x1mh8g0r x1vvkbs xtlvy1s x126k92a\">\n<div dir=\"auto\"><span class=\"x3nfvp2 x1j61x8r x1fcty0u xdj266r xhhsvwb xat24cr xgzva0m xxymvpz xlup9mm x1kky2od\"><img decoding=\"async\" src=\"https:\/\/static.xx.fbcdn.net\/images\/emoji.php\/v9\/tff\/1\/16\/1f4c6.png\" alt=\"\ud83d\udcc6\" width=\"16\" height=\"16\" \/><\/span><span class=\"x3nfvp2 x1j61x8r x1fcty0u xdj266r xhhsvwb xat24cr xgzva0m xxymvpz xlup9mm x1kky2od\"><img decoding=\"async\" src=\"https:\/\/static.xx.fbcdn.net\/images\/emoji.php\/v9\/t34\/1\/16\/23f0.png\" alt=\"\u23f0\" width=\"16\" height=\"16\" \/><\/span> S\u00e1bado 7 de octubre.<\/div>\n<div dir=\"auto\"><span class=\"x3nfvp2 x1j61x8r x1fcty0u xdj266r xhhsvwb xat24cr xgzva0m xxymvpz xlup9mm x1kky2od\"><img decoding=\"async\" src=\"https:\/\/static.xx.fbcdn.net\/images\/emoji.php\/v9\/tdf\/1\/16\/1f4b5.png\" alt=\"\ud83d\udcb5\" width=\"16\" height=\"16\" \/><\/span> Acceso gratuito hasta completar aforo. Posibilidad de reserva previa.<\/div>\n<div dir=\"auto\"><\/div>\n<\/div>\n<div class=\"x11i5rnm xat24cr x1mh8g0r x1vvkbs xtlvy1s x126k92a\">\n<div dir=\"auto\"><span class=\"x3nfvp2 x1j61x8r x1fcty0u xdj266r xhhsvwb xat24cr xgzva0m xxymvpz xlup9mm x1kky2od\"><img loading=\"lazy\" decoding=\"async\" src=\"https:\/\/static.xx.fbcdn.net\/images\/emoji.php\/v9\/t8e\/1\/16\/2139.png\" alt=\"\u2139\ufe0f\" width=\"16\" height=\"16\" \/><\/span> M\u00e1s informaci\u00f3n y reservas:<\/div>\n<div dir=\"auto\"><span class=\"x3nfvp2 x1j61x8r x1fcty0u xdj266r xhhsvwb xat24cr xgzva0m xxymvpz xlup9mm x1kky2od\"><img loading=\"lazy\" decoding=\"async\" src=\"https:\/\/static.xx.fbcdn.net\/images\/emoji.php\/v9\/te5\/1\/16\/1f492.png\" alt=\"\ud83d\udc92\" width=\"16\" height=\"16\" \/><\/span> Centro Cultural Ram\u00f3n Pelayo (Solares)<\/div>\n<div dir=\"auto\"><span class=\"x3nfvp2 x1j61x8r x1fcty0u xdj266r xhhsvwb xat24cr xgzva0m xxymvpz xlup9mm x1kky2od\"><img loading=\"lazy\" decoding=\"async\" src=\"https:\/\/static.xx.fbcdn.net\/images\/emoji.php\/v9\/t22\/1\/16\/260e.png\" alt=\"\u260e\" width=\"16\" height=\"16\" \/><\/span> 942 52 26 85 (Tambi\u00e9n por WhatsApp al mismo n\u00famero)<\/div>\n<div dir=\"auto\"><span class=\"x3nfvp2 x1j61x8r x1fcty0u xdj266r xhhsvwb xat24cr xgzva0m xxymvpz xlup9mm x1kky2od\"><img loading=\"lazy\" decoding=\"async\" src=\"https:\/\/static.xx.fbcdn.net\/images\/emoji.php\/v9\/tbe\/1\/16\/1f4e7.png\" alt=\"\ud83d\udce7\" width=\"16\" height=\"16\" \/><\/span> centrocultural@mediocudeyo.es<\/div>\n<\/div>\n<div dir=\"auto\"><img loading=\"lazy\" decoding=\"async\" class=\"aligncenter size-large wp-image-20929\" src=\"https:\/\/mediocudeyo.es\/web\/wp-content\/uploads\/2023\/09\/cartel-accion-cultural-solares--662x1024.jpeg\" alt=\"\" width=\"662\" height=\"1024\" srcset=\"https:\/\/mediocudeyo.es\/web\/wp-content\/uploads\/2023\/09\/cartel-accion-cultural-solares--662x1024.jpeg 662w, https:\/\/mediocudeyo.es\/web\/wp-content\/uploads\/2023\/09\/cartel-accion-cultural-solares--194x300.jpeg 194w, https:\/\/mediocudeyo.es\/web\/wp-content\/uploads\/2023\/09\/cartel-accion-cultural-solares--768x1188.jpeg 768w, https:\/\/mediocudeyo.es\/web\/wp-content\/uploads\/2023\/09\/cartel-accion-cultural-solares-.jpeg 776w\" sizes=\"(max-width: 662px) 100vw, 662px\" \/><\/div>\n","protected":false},"excerpt":{"rendered":"<p>Ya puedes reservar tus entradas para el ciclo FusionARTE. El s\u00e1bado 7 de octubre abriremos FusionARTE con la actuaci\u00f3n musical \u00abCONCIERTOS PARA UNA VIDA DE PEL\u00cdCULA\u00bb de la Coral Portus [&hellip;]<\/p>\n","protected":false},"author":4,"featured_media":20929,"comment_status":"closed","ping_status":"closed","sticky":false,"template":"","format":"standard","meta":{"footnotes":""},"categories":[37],"tags":[104,90,82],"class_list":["post-20928","post","type-post","status-publish","format-standard","has-post-thumbnail","hentry","category-centro-cultural","tag-centro-cultural","tag-concierto","tag-fusionarte"],"_links":{"self":[{"href":"https:\/\/mediocudeyo.es\/web\/wp-json\/wp\/v2\/posts\/20928"}],"collection":[{"href":"https:\/\/mediocudeyo.es\/web\/wp-json\/wp\/v2\/posts"}],"about":[{"href":"https:\/\/mediocudeyo.es\/web\/wp-json\/wp\/v2\/types\/post"}],"author":[{"embeddable":true,"href":"https:\/\/mediocudeyo.es\/web\/wp-json\/wp\/v2\/users\/4"}],"replies":[{"embeddable":true,"href":"https:\/\/mediocudeyo.es\/web\/wp-json\/wp\/v2\/comments?post=20928"}],"version-history":[{"count":1,"href":"https:\/\/mediocudeyo.es\/web\/wp-json\/wp\/v2\/posts\/20928\/revisions"}],"predecessor-version":[{"id":20930,"href":"https:\/\/mediocudeyo.es\/web\/wp-json\/wp\/v2\/posts\/20928\/revisions\/20930"}],"wp:featuredmedia":[{"embeddable":true,"href":"https:\/\/mediocudeyo.es\/web\/wp-json\/wp\/v2\/media\/20929"}],"wp:attachment":[{"href":"https:\/\/mediocudeyo.es\/web\/wp-json\/wp\/v2\/media?parent=20928"}],"wp:term":[{"taxonomy":"category","embeddable":true,"href":"https:\/\/mediocudeyo.es\/web\/wp-json\/wp\/v2\/categories?post=20928"},{"taxonomy":"post_tag","embeddable":true,"href":"https:\/\/mediocudeyo.es\/web\/wp-json\/wp\/v2\/tags?post=20928"}],"curies":[{"name":"wp","href":"https:\/\/api.w.org\/{rel}","templated":true}]}}