{"id":21001,"date":"2023-10-05T12:11:34","date_gmt":"2023-10-05T12:11:34","guid":{"rendered":"https:\/\/mediocudeyo.es\/web\/?p=21001"},"modified":"2023-10-05T12:11:34","modified_gmt":"2023-10-05T12:11:34","slug":"fusionarte-so-de-xampatito-pato","status":"publish","type":"post","link":"https:\/\/mediocudeyo.es\/web\/fusionarte-so-de-xampatito-pato\/","title":{"rendered":"FusionARTE: \u00abS\u00d3\u00bb, de Xampatito Pato"},"content":{"rendered":"<div class=\"x11i5rnm xat24cr x1mh8g0r x1vvkbs xtlvy1s x126k92a\">\n<div dir=\"auto\">El domingo es el turno en el Ciclo FusionARTE del p\u00fablico familiar, con S\u00d3, de Xampatito Pato. Una compa\u00f1\u00eda que nos visita desde Galicia con una propuesta la mar de interesante y divertida dentro del programa Escena Norte.<\/div>\n<div dir=\"auto\">A las 12h, en el centro cultural Ram\u00f2n Pelayo. Entrada: 1\u20ac.<\/div>\n<\/div>\n<div class=\"x11i5rnm xat24cr x1mh8g0r x1vvkbs xtlvy1s x126k92a\">\n<div dir=\"auto\">Para todas las actuaciones del ciclo, tienes la posibilidad de reservar las entradas, en el tel. y whatsapp 942 522 685 o en el correo centrocultural@mediocudeyo.es<\/div>\n<\/div>\n<div dir=\"auto\"><img fetchpriority=\"high\" decoding=\"async\" class=\"aligncenter size-large wp-image-21002\" src=\"https:\/\/mediocudeyo.es\/web\/wp-content\/uploads\/2023\/10\/SO-Xampatito-jpg-724x1024.jpg\" alt=\"\" width=\"724\" height=\"1024\" srcset=\"https:\/\/mediocudeyo.es\/web\/wp-content\/uploads\/2023\/10\/SO-Xampatito-jpg-724x1024.jpg 724w, https:\/\/mediocudeyo.es\/web\/wp-content\/uploads\/2023\/10\/SO-Xampatito-jpg-212x300.jpg 212w, https:\/\/mediocudeyo.es\/web\/wp-content\/uploads\/2023\/10\/SO-Xampatito-jpg-768x1086.jpg 768w, https:\/\/mediocudeyo.es\/web\/wp-content\/uploads\/2023\/10\/SO-Xampatito-jpg-1086x1536.jpg 1086w, https:\/\/mediocudeyo.es\/web\/wp-content\/uploads\/2023\/10\/SO-Xampatito-jpg-1448x2048.jpg 1448w, https:\/\/mediocudeyo.es\/web\/wp-content\/uploads\/2023\/10\/SO-Xampatito-jpg.jpg 1587w\" sizes=\"(max-width: 724px) 100vw, 724px\" \/><\/div>\n","protected":false},"excerpt":{"rendered":"<p>El domingo es el turno en el Ciclo FusionARTE del p\u00fablico familiar, con S\u00d3, de Xampatito Pato. Una compa\u00f1\u00eda que nos visita desde Galicia con una propuesta la mar de [&hellip;]<\/p>\n","protected":false},"author":4,"featured_media":21002,"comment_status":"closed","ping_status":"closed","sticky":false,"template":"","format":"standard","meta":{"footnotes":""},"categories":[37],"tags":[104,426,110,82,83],"class_list":["post-21001","post","type-post","status-publish","format-standard","has-post-thumbnail","hentry","category-centro-cultural","tag-centro-cultural","tag-circo","tag-familia","tag-fusionarte","tag-teatro"],"_links":{"self":[{"href":"https:\/\/mediocudeyo.es\/web\/wp-json\/wp\/v2\/posts\/21001"}],"collection":[{"href":"https:\/\/mediocudeyo.es\/web\/wp-json\/wp\/v2\/posts"}],"about":[{"href":"https:\/\/mediocudeyo.es\/web\/wp-json\/wp\/v2\/types\/post"}],"author":[{"embeddable":true,"href":"https:\/\/mediocudeyo.es\/web\/wp-json\/wp\/v2\/users\/4"}],"replies":[{"embeddable":true,"href":"https:\/\/mediocudeyo.es\/web\/wp-json\/wp\/v2\/comments?post=21001"}],"version-history":[{"count":1,"href":"https:\/\/mediocudeyo.es\/web\/wp-json\/wp\/v2\/posts\/21001\/revisions"}],"predecessor-version":[{"id":21003,"href":"https:\/\/mediocudeyo.es\/web\/wp-json\/wp\/v2\/posts\/21001\/revisions\/21003"}],"wp:featuredmedia":[{"embeddable":true,"href":"https:\/\/mediocudeyo.es\/web\/wp-json\/wp\/v2\/media\/21002"}],"wp:attachment":[{"href":"https:\/\/mediocudeyo.es\/web\/wp-json\/wp\/v2\/media?parent=21001"}],"wp:term":[{"taxonomy":"category","embeddable":true,"href":"https:\/\/mediocudeyo.es\/web\/wp-json\/wp\/v2\/categories?post=21001"},{"taxonomy":"post_tag","embeddable":true,"href":"https:\/\/mediocudeyo.es\/web\/wp-json\/wp\/v2\/tags?post=21001"}],"curies":[{"name":"wp","href":"https:\/\/api.w.org\/{rel}","templated":true}]}}