{"id":21083,"date":"2023-10-20T12:37:19","date_gmt":"2023-10-20T12:37:19","guid":{"rendered":"https:\/\/mediocudeyo.es\/web\/?p=21083"},"modified":"2023-10-20T12:37:51","modified_gmt":"2023-10-20T12:37:51","slug":"fusionarte-un-dios-salvaje","status":"publish","type":"post","link":"https:\/\/mediocudeyo.es\/web\/fusionarte-un-dios-salvaje\/","title":{"rendered":"FusionARTE: \u00abUN DIOS SALVAJE\u00bb"},"content":{"rendered":"<div dir=\"auto\">\n<p>El Ciclo FusionARTE contin\u00faa con su oferta cultural ofreci\u00e9ndonos, el pr\u00f3ximo <strong>viernes 27 de octubre<\/strong>, la posibilidad de disfrutar de <em><strong>\u00abUN DIOS SALVAJE\u00bb de Rita Cofi\u00f1o<\/strong><\/em>.Esta obra de teatro y comedia, nos cuenta como\u00a0 dos matrimonios adultos y civilizados se encuentran para resolver un incidente: uno de sus hijos le ha partido dos dientes al otro con un palo. Nada que unos padres civilizados no puedan resolver&#8230;<\/p>\n<p>Gracias a este simple argumento, la autora, Yasmina Reza, nos presenta una s\u00e1tira de la sociedad contempor\u00e1nea y disecciona, con mucho humor, temas como la pareja, la educaci\u00f3n y la competitividad.<\/p>\n<\/div>\n<div dir=\"auto\"><span class=\"x3nfvp2 x1j61x8r x1fcty0u xdj266r xhhsvwb xat24cr xgzva0m xxymvpz xlup9mm x1kky2od\"><img decoding=\"async\" src=\"https:\/\/static.xx.fbcdn.net\/images\/emoji.php\/v9\/tdf\/1\/16\/1f4b5.png\" alt=\"\ud83d\udcb5\" width=\"16\" height=\"16\" \/><\/span> Precio: 3\u20ac.<\/div>\n<div dir=\"auto\"><span class=\"x3nfvp2 x1j61x8r x1fcty0u xdj266r xhhsvwb xat24cr xgzva0m xxymvpz xlup9mm x1kky2od\"><img decoding=\"async\" src=\"https:\/\/static.xx.fbcdn.net\/images\/emoji.php\/v9\/t8e\/1\/16\/2139.png\" alt=\"\u2139\ufe0f\" width=\"16\" height=\"16\" \/><\/span> M\u00e1s informaci\u00f3n y reservas:<\/div>\n<div dir=\"auto\"><span class=\"x3nfvp2 x1j61x8r x1fcty0u xdj266r xhhsvwb xat24cr xgzva0m xxymvpz xlup9mm x1kky2od\"><img decoding=\"async\" src=\"https:\/\/static.xx.fbcdn.net\/images\/emoji.php\/v9\/te5\/1\/16\/1f492.png\" alt=\"\ud83d\udc92\" width=\"16\" height=\"16\" \/><\/span> Centro Cultural Ram\u00f3n Pelayo (Solares)<\/div>\n<div dir=\"auto\"><span class=\"x3nfvp2 x1j61x8r x1fcty0u xdj266r xhhsvwb xat24cr xgzva0m xxymvpz xlup9mm x1kky2od\"><img loading=\"lazy\" decoding=\"async\" src=\"https:\/\/static.xx.fbcdn.net\/images\/emoji.php\/v9\/t22\/1\/16\/260e.png\" alt=\"\u260e\" width=\"16\" height=\"16\" \/><\/span> 942 52 26 85 (Tambi\u00e9n por WhatsApp al mismo n\u00famero)<\/div>\n<div dir=\"auto\"><span class=\"x3nfvp2 x1j61x8r x1fcty0u xdj266r xhhsvwb xat24cr xgzva0m xxymvpz xlup9mm x1kky2od\"><img loading=\"lazy\" decoding=\"async\" src=\"https:\/\/static.xx.fbcdn.net\/images\/emoji.php\/v9\/tbe\/1\/16\/1f4e7.png\" alt=\"\ud83d\udce7\" width=\"16\" height=\"16\" \/><\/span> centrocultural@mediocudeyo.es<\/div>\n<div dir=\"auto\"><\/div>\n<div dir=\"auto\"><img loading=\"lazy\" decoding=\"async\" class=\"aligncenter size-large wp-image-21084\" src=\"https:\/\/mediocudeyo.es\/web\/wp-content\/uploads\/2023\/10\/Un-dios-salvaje-CARTEL-JPG-724x1024.jpg\" alt=\"\" width=\"724\" height=\"1024\" srcset=\"https:\/\/mediocudeyo.es\/web\/wp-content\/uploads\/2023\/10\/Un-dios-salvaje-CARTEL-JPG-724x1024.jpg 724w, https:\/\/mediocudeyo.es\/web\/wp-content\/uploads\/2023\/10\/Un-dios-salvaje-CARTEL-JPG-212x300.jpg 212w, https:\/\/mediocudeyo.es\/web\/wp-content\/uploads\/2023\/10\/Un-dios-salvaje-CARTEL-JPG-768x1086.jpg 768w, https:\/\/mediocudeyo.es\/web\/wp-content\/uploads\/2023\/10\/Un-dios-salvaje-CARTEL-JPG-1086x1536.jpg 1086w, https:\/\/mediocudeyo.es\/web\/wp-content\/uploads\/2023\/10\/Un-dios-salvaje-CARTEL-JPG-1448x2048.jpg 1448w, https:\/\/mediocudeyo.es\/web\/wp-content\/uploads\/2023\/10\/Un-dios-salvaje-CARTEL-JPG.jpg 1587w\" sizes=\"(max-width: 724px) 100vw, 724px\" \/><\/div>\n","protected":false},"excerpt":{"rendered":"<p>El Ciclo FusionARTE contin\u00faa con su oferta cultural ofreci\u00e9ndonos, el pr\u00f3ximo viernes 27 de octubre, la posibilidad de disfrutar de \u00abUN DIOS SALVAJE\u00bb de Rita Cofi\u00f1o.Esta obra de teatro y [&hellip;]<\/p>\n","protected":false},"author":4,"featured_media":21084,"comment_status":"closed","ping_status":"closed","sticky":false,"template":"","format":"standard","meta":{"footnotes":""},"categories":[37],"tags":[104,82,83],"class_list":["post-21083","post","type-post","status-publish","format-standard","has-post-thumbnail","hentry","category-centro-cultural","tag-centro-cultural","tag-fusionarte","tag-teatro"],"_links":{"self":[{"href":"https:\/\/mediocudeyo.es\/web\/wp-json\/wp\/v2\/posts\/21083"}],"collection":[{"href":"https:\/\/mediocudeyo.es\/web\/wp-json\/wp\/v2\/posts"}],"about":[{"href":"https:\/\/mediocudeyo.es\/web\/wp-json\/wp\/v2\/types\/post"}],"author":[{"embeddable":true,"href":"https:\/\/mediocudeyo.es\/web\/wp-json\/wp\/v2\/users\/4"}],"replies":[{"embeddable":true,"href":"https:\/\/mediocudeyo.es\/web\/wp-json\/wp\/v2\/comments?post=21083"}],"version-history":[{"count":2,"href":"https:\/\/mediocudeyo.es\/web\/wp-json\/wp\/v2\/posts\/21083\/revisions"}],"predecessor-version":[{"id":21086,"href":"https:\/\/mediocudeyo.es\/web\/wp-json\/wp\/v2\/posts\/21083\/revisions\/21086"}],"wp:featuredmedia":[{"embeddable":true,"href":"https:\/\/mediocudeyo.es\/web\/wp-json\/wp\/v2\/media\/21084"}],"wp:attachment":[{"href":"https:\/\/mediocudeyo.es\/web\/wp-json\/wp\/v2\/media?parent=21083"}],"wp:term":[{"taxonomy":"category","embeddable":true,"href":"https:\/\/mediocudeyo.es\/web\/wp-json\/wp\/v2\/categories?post=21083"},{"taxonomy":"post_tag","embeddable":true,"href":"https:\/\/mediocudeyo.es\/web\/wp-json\/wp\/v2\/tags?post=21083"}],"curies":[{"name":"wp","href":"https:\/\/api.w.org\/{rel}","templated":true}]}}