{"id":21127,"date":"2023-10-27T13:37:37","date_gmt":"2023-10-27T13:37:37","guid":{"rendered":"https:\/\/mediocudeyo.es\/web\/?p=21127"},"modified":"2023-10-30T17:09:18","modified_gmt":"2023-10-30T17:09:18","slug":"fiesta-halloween-vs-samuin","status":"publish","type":"post","link":"https:\/\/mediocudeyo.es\/web\/fiesta-halloween-vs-samuin\/","title":{"rendered":"Fiesta \u00abHalloween Vs Samuin\u00bb y \u00abLa Petite Caravane\u00bb"},"content":{"rendered":"<p><span class=\"x193iq5w xeuugli x13faqbe x1vvkbs x1xmvt09 x1lliihq x1s928wv xhkezso x1gmr53x x1cpjm7i x1fgarty x1943h6x xudqn12 x3x7a5m x6prxxf xvq8zen xo1l8bm xzsf02u\" dir=\"auto\">Tradici\u00f3n y otras culturas se unen en nuestra fiesta especial: Halloween Vs Samuin <span class=\"x3nfvp2 x1j61x8r x1fcty0u xdj266r xhhsvwb xat24cr xgzva0m xxymvpz xlup9mm x1kky2od\"><img decoding=\"async\" class=\"xz74otr\" src=\"https:\/\/static.xx.fbcdn.net\/images\/emoji.php\/v9\/t86\/1\/16\/1f383.png\" alt=\"\ud83c\udf83\" width=\"16\" height=\"16\" \/><\/span><\/span><\/p>\n<p>Repetimos esta celebraci\u00f3n que tanto gust\u00f3 el pasado a\u00f1o a grandes y peque\u00f1os <span class=\"x3nfvp2 x1j61x8r x1fcty0u xdj266r xhhsvwb xat24cr xgzva0m xxymvpz xlup9mm x1kky2od\"><img decoding=\"async\" class=\"xz74otr\" src=\"https:\/\/static.xx.fbcdn.net\/images\/emoji.php\/v9\/t58\/1\/16\/1f929.png\" alt=\"\ud83e\udd29\" width=\"16\" height=\"16\" \/> y a\u00f1adimos a\u00fan m\u00e1s misterio \u00bfQui\u00e9n se atrever\u00e1 a entrar a <span class=\"x193iq5w xeuugli x13faqbe x1vvkbs x1xmvt09 x1lliihq x1s928wv xhkezso x1gmr53x x1cpjm7i x1fgarty x1943h6x xudqn12 x3x7a5m x6prxxf xvq8zen xo1l8bm xzsf02u x1yc453h\" dir=\"auto\">\u00abLa Petite Caravane\u00bb ?\u00a0 \u00a1P\u00e1salo de miedo! <img decoding=\"async\" class=\"xz74otr\" src=\"https:\/\/static.xx.fbcdn.net\/images\/emoji.php\/v9\/td7\/1\/16\/1f47b.png\" alt=\"\ud83d\udc7b\" width=\"16\" height=\"16\" \/><\/span><br \/>\n<\/span><\/p>\n<p><span class=\"x3nfvp2 x1j61x8r x1fcty0u xdj266r xhhsvwb xat24cr xgzva0m xxymvpz xlup9mm x1kky2od\"><img loading=\"lazy\" decoding=\"async\" class=\"xz74otr\" src=\"https:\/\/static.xx.fbcdn.net\/images\/emoji.php\/v9\/t7e\/1\/16\/1f4c5.png\" alt=\"\ud83d\udcc5\" width=\"16\" height=\"16\" \/><\/span> Martes 31 de octubre.<br \/>\n<span class=\"x3nfvp2 x1j61x8r x1fcty0u xdj266r xhhsvwb xat24cr xgzva0m xxymvpz xlup9mm x1kky2od\"><img decoding=\"async\" class=\"xz74otr\" src=\"https:\/\/static.xx.fbcdn.net\/images\/emoji.php\/v9\/td7\/1\/16\/1f47b.png\" alt=\"\ud83d\udc7b\" width=\"16\" height=\"16\" \/><\/span>Finca Marqu\u00e9s de Valdecilla<br \/>\n<span class=\"x3nfvp2 x1j61x8r x1fcty0u xdj266r xhhsvwb xat24cr xgzva0m xxymvpz xlup9mm x1kky2od\"><img loading=\"lazy\" decoding=\"async\" class=\"xz74otr\" src=\"https:\/\/static.xx.fbcdn.net\/images\/emoji.php\/v9\/t14\/1\/16\/1f9d9_200d_2640.png\" alt=\"\ud83e\uddd9\u200d\u2640\ufe0f\" width=\"16\" height=\"16\" \/><\/span> Nos encantar\u00e1 si ven\u00eds disfrazad@s<\/p>\n<div class=\"x11i5rnm xat24cr x1mh8g0r x1vvkbs xtlvy1s x126k92a\">\n<div dir=\"auto\"><span class=\"x3nfvp2 x1j61x8r x1fcty0u xdj266r xhhsvwb xat24cr xgzva0m xxymvpz xlup9mm x1kky2od\"><img loading=\"lazy\" decoding=\"async\" class=\"xz74otr\" src=\"https:\/\/static.xx.fbcdn.net\/images\/emoji.php\/v9\/t72\/1\/16\/1f538.png\" alt=\"\ud83d\udd38\" width=\"16\" height=\"16\" \/><\/span>16:15h Taller de calabazas para las familias.<\/div>\n<div dir=\"auto\"><span class=\"x3nfvp2 x1j61x8r x1fcty0u xdj266r xhhsvwb xat24cr xgzva0m xxymvpz xlup9mm x1kky2od\"><img loading=\"lazy\" decoding=\"async\" class=\"xz74otr\" src=\"https:\/\/static.xx.fbcdn.net\/images\/emoji.php\/v9\/t72\/1\/16\/1f538.png\" alt=\"\ud83d\udd38\" width=\"16\" height=\"16\" \/><\/span> 16:30 a 20:30 La Petite Caravane.<\/div>\n<div dir=\"auto\"><span class=\"x3nfvp2 x1j61x8r x1fcty0u xdj266r xhhsvwb xat24cr xgzva0m xxymvpz xlup9mm x1kky2od\"><img loading=\"lazy\" decoding=\"async\" class=\"xz74otr\" src=\"https:\/\/static.xx.fbcdn.net\/images\/emoji.php\/v9\/t72\/1\/16\/1f538.png\" alt=\"\ud83d\udd38\" width=\"16\" height=\"16\" \/><\/span>17:30h Gymkhana: \u00abUn museo terror\u00edfico\u00bb.<\/div>\n<div dir=\"auto\"><span class=\"x3nfvp2 x1j61x8r x1fcty0u xdj266r xhhsvwb xat24cr xgzva0m xxymvpz xlup9mm x1kky2od\"><img loading=\"lazy\" decoding=\"async\" class=\"xz74otr\" src=\"https:\/\/static.xx.fbcdn.net\/images\/emoji.php\/v9\/t72\/1\/16\/1f538.png\" alt=\"\ud83d\udd38\" width=\"16\" height=\"16\" \/><\/span>19:00h MAGOSTA. Escuela de Folclore y Grupo de danzas San Pedruco.<\/div>\n<div dir=\"auto\"><span class=\"x3nfvp2 x1j61x8r x1fcty0u xdj266r xhhsvwb xat24cr xgzva0m xxymvpz xlup9mm x1kky2od\"><img loading=\"lazy\" decoding=\"async\" class=\"xz74otr\" src=\"https:\/\/static.xx.fbcdn.net\/images\/emoji.php\/v9\/t2e\/1\/16\/1faa6.png\" alt=\"\ud83e\udea6\" width=\"16\" height=\"16\" \/><\/span> Entrada libre hasta completar aforo, sin inscripci\u00f3n previa.<\/div>\n<\/div>\n<p><span class=\"x3nfvp2 x1j61x8r x1fcty0u xdj266r xhhsvwb xat24cr xgzva0m xxymvpz xlup9mm x1kky2od\"><img loading=\"lazy\" decoding=\"async\" class=\"xz74otr\" src=\"https:\/\/static.xx.fbcdn.net\/images\/emoji.php\/v9\/t8e\/1\/16\/2139.png\" alt=\"\u2139\ufe0f\" width=\"16\" height=\"16\" \/><\/span> M\u00e1s informaci\u00f3n:<br \/>\n<span class=\"x3nfvp2 x1j61x8r x1fcty0u xdj266r xhhsvwb xat24cr xgzva0m xxymvpz xlup9mm x1kky2od\"><img loading=\"lazy\" decoding=\"async\" class=\"xz74otr\" src=\"https:\/\/static.xx.fbcdn.net\/images\/emoji.php\/v9\/te5\/1\/16\/1f492.png\" alt=\"\ud83d\udc92\" width=\"16\" height=\"16\" \/><\/span> Centro Cultural Ram\u00f3n Pelayo (Solares)<br \/>\n<span class=\"x3nfvp2 x1j61x8r x1fcty0u xdj266r xhhsvwb xat24cr xgzva0m xxymvpz xlup9mm x1kky2od\"><img loading=\"lazy\" decoding=\"async\" class=\"xz74otr\" src=\"https:\/\/static.xx.fbcdn.net\/images\/emoji.php\/v9\/t22\/1\/16\/260e.png\" alt=\"\u260e\" width=\"16\" height=\"16\" \/><\/span> 942 52 26 85 (Tambi\u00e9n por WhatsApp al mismo n\u00famero)<br \/>\n<span class=\"x3nfvp2 x1j61x8r x1fcty0u xdj266r xhhsvwb xat24cr xgzva0m xxymvpz xlup9mm x1kky2od\"><img loading=\"lazy\" decoding=\"async\" class=\"xz74otr\" src=\"https:\/\/static.xx.fbcdn.net\/images\/emoji.php\/v9\/tbe\/1\/16\/1f4e7.png\" alt=\"\ud83d\udce7\" width=\"16\" height=\"16\" \/><\/span> centrocultural@mediocudeyo.es<\/p>\n<p>&nbsp;<\/p>\n<p><img loading=\"lazy\" decoding=\"async\" class=\"alignnone size-medium wp-image-21128\" src=\"https:\/\/mediocudeyo.es\/web\/wp-content\/uploads\/2023\/10\/HALLOWEEN-VS.-SAMUIN-Cartel-jpg-300x212.jpg\" alt=\"\" width=\"300\" height=\"212\" srcset=\"https:\/\/mediocudeyo.es\/web\/wp-content\/uploads\/2023\/10\/HALLOWEEN-VS.-SAMUIN-Cartel-jpg-300x212.jpg 300w, https:\/\/mediocudeyo.es\/web\/wp-content\/uploads\/2023\/10\/HALLOWEEN-VS.-SAMUIN-Cartel-jpg-1024x724.jpg 1024w, https:\/\/mediocudeyo.es\/web\/wp-content\/uploads\/2023\/10\/HALLOWEEN-VS.-SAMUIN-Cartel-jpg-768x543.jpg 768w, https:\/\/mediocudeyo.es\/web\/wp-content\/uploads\/2023\/10\/HALLOWEEN-VS.-SAMUIN-Cartel-jpg-1536x1086.jpg 1536w, https:\/\/mediocudeyo.es\/web\/wp-content\/uploads\/2023\/10\/HALLOWEEN-VS.-SAMUIN-Cartel-jpg-2048x1448.jpg 2048w\" sizes=\"(max-width: 300px) 100vw, 300px\" \/><\/p>\n<p>&nbsp;<\/p>\n<p><img loading=\"lazy\" decoding=\"async\" class=\"alignnone size-medium wp-image-21131\" src=\"https:\/\/mediocudeyo.es\/web\/wp-content\/uploads\/2023\/10\/HALLOWEEN-VS.-SAMUIN-Le-petite-caravane-JPG-300x212.jpg\" alt=\"\" width=\"300\" height=\"212\" srcset=\"https:\/\/mediocudeyo.es\/web\/wp-content\/uploads\/2023\/10\/HALLOWEEN-VS.-SAMUIN-Le-petite-caravane-JPG-300x212.jpg 300w, https:\/\/mediocudeyo.es\/web\/wp-content\/uploads\/2023\/10\/HALLOWEEN-VS.-SAMUIN-Le-petite-caravane-JPG-1024x724.jpg 1024w, https:\/\/mediocudeyo.es\/web\/wp-content\/uploads\/2023\/10\/HALLOWEEN-VS.-SAMUIN-Le-petite-caravane-JPG-768x543.jpg 768w, https:\/\/mediocudeyo.es\/web\/wp-content\/uploads\/2023\/10\/HALLOWEEN-VS.-SAMUIN-Le-petite-caravane-JPG-1536x1086.jpg 1536w, https:\/\/mediocudeyo.es\/web\/wp-content\/uploads\/2023\/10\/HALLOWEEN-VS.-SAMUIN-Le-petite-caravane-JPG-2048x1448.jpg 2048w\" sizes=\"(max-width: 300px) 100vw, 300px\" \/><\/p>\n","protected":false},"excerpt":{"rendered":"<p>Tradici\u00f3n y otras culturas se unen en nuestra fiesta especial: Halloween Vs Samuin Repetimos esta celebraci\u00f3n que tanto gust\u00f3 el pasado a\u00f1o a grandes y peque\u00f1os y a\u00f1adimos a\u00fan m\u00e1s [&hellip;]<\/p>\n","protected":false},"author":4,"featured_media":21128,"comment_status":"closed","ping_status":"closed","sticky":false,"template":"","format":"standard","meta":{"footnotes":""},"categories":[37],"tags":[104,679,96,551,583],"class_list":["post-21127","post","type-post","status-publish","format-standard","has-post-thumbnail","hentry","category-centro-cultural","tag-centro-cultural","tag-fiesta","tag-finca-marques-de-valdecilla","tag-halloween-2","tag-samuin"],"_links":{"self":[{"href":"https:\/\/mediocudeyo.es\/web\/wp-json\/wp\/v2\/posts\/21127"}],"collection":[{"href":"https:\/\/mediocudeyo.es\/web\/wp-json\/wp\/v2\/posts"}],"about":[{"href":"https:\/\/mediocudeyo.es\/web\/wp-json\/wp\/v2\/types\/post"}],"author":[{"embeddable":true,"href":"https:\/\/mediocudeyo.es\/web\/wp-json\/wp\/v2\/users\/4"}],"replies":[{"embeddable":true,"href":"https:\/\/mediocudeyo.es\/web\/wp-json\/wp\/v2\/comments?post=21127"}],"version-history":[{"count":4,"href":"https:\/\/mediocudeyo.es\/web\/wp-json\/wp\/v2\/posts\/21127\/revisions"}],"predecessor-version":[{"id":21155,"href":"https:\/\/mediocudeyo.es\/web\/wp-json\/wp\/v2\/posts\/21127\/revisions\/21155"}],"wp:featuredmedia":[{"embeddable":true,"href":"https:\/\/mediocudeyo.es\/web\/wp-json\/wp\/v2\/media\/21128"}],"wp:attachment":[{"href":"https:\/\/mediocudeyo.es\/web\/wp-json\/wp\/v2\/media?parent=21127"}],"wp:term":[{"taxonomy":"category","embeddable":true,"href":"https:\/\/mediocudeyo.es\/web\/wp-json\/wp\/v2\/categories?post=21127"},{"taxonomy":"post_tag","embeddable":true,"href":"https:\/\/mediocudeyo.es\/web\/wp-json\/wp\/v2\/tags?post=21127"}],"curies":[{"name":"wp","href":"https:\/\/api.w.org\/{rel}","templated":true}]}}