{"id":21160,"date":"2023-11-03T13:36:30","date_gmt":"2023-11-03T13:36:30","guid":{"rendered":"https:\/\/mediocudeyo.es\/web\/?p=21160"},"modified":"2023-10-31T18:38:28","modified_gmt":"2023-10-31T18:38:28","slug":"fusionarte-lear-en-las-catedrales","status":"publish","type":"post","link":"https:\/\/mediocudeyo.es\/web\/fusionarte-lear-en-las-catedrales\/","title":{"rendered":"FusionARTE: \u00abLear en las catedrales\u00bb"},"content":{"rendered":"<p>Una nueva cita con el teatro nos espera en el Ciclo FusionARTE.<\/p>\n<p>En esta ocasi\u00f3n, la compa\u00f1\u00eda Abrego Teatro nos sorprender\u00e1: \u00abLEAR EN LAS CATEDRALES\u00bb.<\/p>\n<p>Esta obra se inspira en el poema \u00abLear en los claustros\u00bb de Cuaderno de Nueva York de Jos\u00e9 Hierro, y as\u00ed como este poemario supone la culminaci\u00f3n de la trayectoria del poeta, Pati Domenech pone sobre las tablas reflexiones acerca de m\u00e1s de cuarenta a\u00f1os de vida sobre los escenarios de medio mundo.<br \/>\nEl teatro que gira por todo el mundo tambi\u00e9n al alcance del p\u00fablico de Cantabria.<\/p>\n<p>\ud83d\udcc6 Viernes 10 de noviembre.<br \/>\n\ud83d\udcb5 Precio: 3\u20ac.<br \/>\n\u2139\ufe0f M\u00e1s informaci\u00f3n y reservas:<br \/>\n\ud83d\udc92 Centro Cultural Ram\u00f3n Pelayo (Solares)<br \/>\n\u260e 942 52 26 85 (Tambi\u00e9n por WhatsApp al mismo n\u00famero)<br \/>\n\ud83d\udce7 centrocultural@mediocudeyo.es<\/p>\n<p><img fetchpriority=\"high\" decoding=\"async\" class=\"alignnone size-medium wp-image-21161\" src=\"https:\/\/mediocudeyo.es\/web\/wp-content\/uploads\/2023\/10\/Lear-en-las-catedrales-CARTEL-JPG-212x300.jpg\" alt=\"\" width=\"212\" height=\"300\" srcset=\"https:\/\/mediocudeyo.es\/web\/wp-content\/uploads\/2023\/10\/Lear-en-las-catedrales-CARTEL-JPG-212x300.jpg 212w, https:\/\/mediocudeyo.es\/web\/wp-content\/uploads\/2023\/10\/Lear-en-las-catedrales-CARTEL-JPG-724x1024.jpg 724w, https:\/\/mediocudeyo.es\/web\/wp-content\/uploads\/2023\/10\/Lear-en-las-catedrales-CARTEL-JPG-768x1086.jpg 768w, https:\/\/mediocudeyo.es\/web\/wp-content\/uploads\/2023\/10\/Lear-en-las-catedrales-CARTEL-JPG-1086x1536.jpg 1086w, https:\/\/mediocudeyo.es\/web\/wp-content\/uploads\/2023\/10\/Lear-en-las-catedrales-CARTEL-JPG-1448x2048.jpg 1448w, https:\/\/mediocudeyo.es\/web\/wp-content\/uploads\/2023\/10\/Lear-en-las-catedrales-CARTEL-JPG.jpg 1587w\" sizes=\"(max-width: 212px) 100vw, 212px\" \/><\/p>\n","protected":false},"excerpt":{"rendered":"<p>Una nueva cita con el teatro nos espera en el Ciclo FusionARTE. En esta ocasi\u00f3n, la compa\u00f1\u00eda Abrego Teatro nos sorprender\u00e1: \u00abLEAR EN LAS CATEDRALES\u00bb. Esta obra se inspira en [&hellip;]<\/p>\n","protected":false},"author":4,"featured_media":21161,"comment_status":"closed","ping_status":"closed","sticky":false,"template":"","format":"standard","meta":{"footnotes":""},"categories":[37],"tags":[104,82,83],"class_list":["post-21160","post","type-post","status-publish","format-standard","has-post-thumbnail","hentry","category-centro-cultural","tag-centro-cultural","tag-fusionarte","tag-teatro"],"_links":{"self":[{"href":"https:\/\/mediocudeyo.es\/web\/wp-json\/wp\/v2\/posts\/21160"}],"collection":[{"href":"https:\/\/mediocudeyo.es\/web\/wp-json\/wp\/v2\/posts"}],"about":[{"href":"https:\/\/mediocudeyo.es\/web\/wp-json\/wp\/v2\/types\/post"}],"author":[{"embeddable":true,"href":"https:\/\/mediocudeyo.es\/web\/wp-json\/wp\/v2\/users\/4"}],"replies":[{"embeddable":true,"href":"https:\/\/mediocudeyo.es\/web\/wp-json\/wp\/v2\/comments?post=21160"}],"version-history":[{"count":1,"href":"https:\/\/mediocudeyo.es\/web\/wp-json\/wp\/v2\/posts\/21160\/revisions"}],"predecessor-version":[{"id":21162,"href":"https:\/\/mediocudeyo.es\/web\/wp-json\/wp\/v2\/posts\/21160\/revisions\/21162"}],"wp:featuredmedia":[{"embeddable":true,"href":"https:\/\/mediocudeyo.es\/web\/wp-json\/wp\/v2\/media\/21161"}],"wp:attachment":[{"href":"https:\/\/mediocudeyo.es\/web\/wp-json\/wp\/v2\/media?parent=21160"}],"wp:term":[{"taxonomy":"category","embeddable":true,"href":"https:\/\/mediocudeyo.es\/web\/wp-json\/wp\/v2\/categories?post=21160"},{"taxonomy":"post_tag","embeddable":true,"href":"https:\/\/mediocudeyo.es\/web\/wp-json\/wp\/v2\/tags?post=21160"}],"curies":[{"name":"wp","href":"https:\/\/api.w.org\/{rel}","templated":true}]}}