{"id":21262,"date":"2023-11-11T09:02:03","date_gmt":"2023-11-11T09:02:03","guid":{"rendered":"https:\/\/mediocudeyo.es\/web\/?p=21262"},"modified":"2023-11-10T15:03:38","modified_gmt":"2023-11-10T15:03:38","slug":"fusionarte-la-loka-historia-de-frankenstein","status":"publish","type":"post","link":"https:\/\/mediocudeyo.es\/web\/fusionarte-la-loka-historia-de-frankenstein\/","title":{"rendered":"FusionARTE:  \u00abLa LoKa Historia de Frankenstein\u00bb"},"content":{"rendered":"<div class=\"\" data-block=\"true\" data-editor=\"869qg\" data-offset-key=\"94blp-0-0\">\n<div class=\"_1mf _1mj\" data-offset-key=\"94blp-0-0\"><span data-offset-key=\"94blp-0-0\">\u00a1\u00daltima sesi\u00f3n de FusionARTE en familia!<br \/>\n<\/span><\/div>\n<\/div>\n<div class=\"\" data-block=\"true\" data-editor=\"869qg\" data-offset-key=\"cjqi9-0-0\">\n<div class=\"_1mf _1mj\" data-offset-key=\"cjqi9-0-0\"><span data-offset-key=\"cjqi9-0-0\">\u00a0<\/span><\/div>\n<\/div>\n<div class=\"\" data-block=\"true\" data-editor=\"869qg\" data-offset-key=\"fo4fe-0-0\">\n<div class=\"_1mf _1mj\" data-offset-key=\"fo4fe-0-0\"><span data-offset-key=\"fo4fe-0-0\">Y nos lo vamos a pasar \u00a1de miedo!\u00a0 La compa\u00f1\u00eda Acar Teatro del Mundo nos trae \u00abLa LoKa Historia de Frankenstein\u00bb.<\/span><\/div>\n<\/div>\n<div class=\"\" data-block=\"true\" data-editor=\"869qg\" data-offset-key=\"8djnt-0-0\">\n<div class=\"_1mf _1mj\" data-offset-key=\"8djnt-0-0\"><span data-offset-key=\"8djnt-0-0\">\u00a0<\/span><\/div>\n<\/div>\n<div class=\"\" data-block=\"true\" data-editor=\"869qg\" data-offset-key=\"dc7n7-0-0\">\n<div class=\"_1mf _1mj\" data-offset-key=\"dc7n7-0-0\"><span data-offset-key=\"dc7n7-0-0\">\ud83c\udfad Igor y Monstry llegan al castillo de la familia Frankenstein, despu\u00e9s de un largo viaje en busca de una f\u00f3rmula que devuelva a la doctora a su estado natural\u2026 Un espect\u00e1culo desopilante, tierno e inesperado, que gustar\u00e1 a todo el p\u00fablico, y no os dejar\u00e1 indiferente.<\/span><\/div>\n<\/div>\n<div class=\"\" data-block=\"true\" data-editor=\"869qg\" data-offset-key=\"6iovh-0-0\">\n<div class=\"_1mf _1mj\" data-offset-key=\"6iovh-0-0\"><span data-offset-key=\"6iovh-0-0\">\u00a0<\/span><\/div>\n<\/div>\n<div class=\"\" data-block=\"true\" data-editor=\"869qg\" data-offset-key=\"cqs1h-0-0\">\n<div class=\"_1mf _1mj\" data-offset-key=\"cqs1h-0-0\"><span data-offset-key=\"cqs1h-0-0\">\u25b6\ufe0f Recomendado a partir de 3 a\u00f1os.<\/span><\/div>\n<\/div>\n<div class=\"\" data-block=\"true\" data-editor=\"869qg\" data-offset-key=\"brd6a-0-0\">\n<div class=\"_1mf _1mj\" data-offset-key=\"brd6a-0-0\"><span data-offset-key=\"brd6a-0-0\">\ud83d\udcb5 Precio: 1\u20ac.<\/span><\/div>\n<\/div>\n<div class=\"\" data-block=\"true\" data-editor=\"869qg\" data-offset-key=\"cdta0-0-0\">\n<div class=\"_1mf _1mj\" data-offset-key=\"cdta0-0-0\"><span data-offset-key=\"cdta0-0-0\">\u00a0<\/span><\/div>\n<\/div>\n<div class=\"\" data-block=\"true\" data-editor=\"869qg\" data-offset-key=\"8oerp-0-0\">\n<div class=\"_1mf _1mj\" data-offset-key=\"8oerp-0-0\"><span data-offset-key=\"8oerp-0-0\">\u2139\ufe0f M\u00e1s informaci\u00f3n y reservas:<\/span><\/div>\n<\/div>\n<div class=\"\" data-block=\"true\" data-editor=\"869qg\" data-offset-key=\"b7b0s-0-0\">\n<div class=\"_1mf _1mj\" data-offset-key=\"b7b0s-0-0\"><span data-offset-key=\"b7b0s-0-0\">\ud83d\udc92 Centro Cultural Ram\u00f3n Pelayo (Solares)<\/span><\/div>\n<\/div>\n<div class=\"\" data-block=\"true\" data-editor=\"869qg\" data-offset-key=\"emi2p-0-0\">\n<div class=\"_1mf _1mj\" data-offset-key=\"emi2p-0-0\"><span data-offset-key=\"emi2p-0-0\">\u260e 942 52 26 85 (Tambi\u00e9n por WhatsApp al mismo n\u00famero)<\/span><\/div>\n<\/div>\n<div class=\"\" data-block=\"true\" data-editor=\"869qg\" data-offset-key=\"a0c8h-0-0\">\n<div class=\"_1mf _1mj\" data-offset-key=\"a0c8h-0-0\"><span data-offset-key=\"a0c8h-0-0\">\ud83d\udce7 centrocultural@mediocudeyo.es<\/span><\/div>\n<\/div>\n<div data-offset-key=\"a0c8h-0-0\"><img fetchpriority=\"high\" decoding=\"async\" class=\"alignnone size-medium wp-image-21263\" src=\"https:\/\/mediocudeyo.es\/web\/wp-content\/uploads\/2023\/11\/La-loka-historia-CARTEL-JPG-212x300.jpg\" alt=\"\" width=\"212\" height=\"300\" srcset=\"https:\/\/mediocudeyo.es\/web\/wp-content\/uploads\/2023\/11\/La-loka-historia-CARTEL-JPG-212x300.jpg 212w, https:\/\/mediocudeyo.es\/web\/wp-content\/uploads\/2023\/11\/La-loka-historia-CARTEL-JPG-724x1024.jpg 724w, https:\/\/mediocudeyo.es\/web\/wp-content\/uploads\/2023\/11\/La-loka-historia-CARTEL-JPG-768x1086.jpg 768w, https:\/\/mediocudeyo.es\/web\/wp-content\/uploads\/2023\/11\/La-loka-historia-CARTEL-JPG-1086x1536.jpg 1086w, https:\/\/mediocudeyo.es\/web\/wp-content\/uploads\/2023\/11\/La-loka-historia-CARTEL-JPG-1448x2048.jpg 1448w, https:\/\/mediocudeyo.es\/web\/wp-content\/uploads\/2023\/11\/La-loka-historia-CARTEL-JPG.jpg 1587w\" sizes=\"(max-width: 212px) 100vw, 212px\" \/><\/div>\n<div class=\"\" data-block=\"true\" data-editor=\"869qg\" data-offset-key=\"7pfou-0-0\"><\/div>\n<div class=\"\" data-block=\"true\" data-editor=\"869qg\" data-offset-key=\"47pon-0-0\">\n<div class=\"_1mf _1mj\" data-offset-key=\"47pon-0-0\"><\/div>\n<\/div>\n","protected":false},"excerpt":{"rendered":"<p>\u00a1\u00daltima sesi\u00f3n de FusionARTE en familia! \u00a0 Y nos lo vamos a pasar \u00a1de miedo!\u00a0 La compa\u00f1\u00eda Acar Teatro del Mundo nos trae \u00abLa LoKa Historia de Frankenstein\u00bb. \u00a0 \ud83c\udfad [&hellip;]<\/p>\n","protected":false},"author":4,"featured_media":21263,"comment_status":"closed","ping_status":"closed","sticky":false,"template":"","format":"standard","meta":{"footnotes":""},"categories":[37],"tags":[104,401,82,237,83],"class_list":["post-21262","post","type-post","status-publish","format-standard","has-post-thumbnail","hentry","category-centro-cultural","tag-centro-cultural","tag-familias","tag-fusionarte","tag-ninos","tag-teatro"],"_links":{"self":[{"href":"https:\/\/mediocudeyo.es\/web\/wp-json\/wp\/v2\/posts\/21262"}],"collection":[{"href":"https:\/\/mediocudeyo.es\/web\/wp-json\/wp\/v2\/posts"}],"about":[{"href":"https:\/\/mediocudeyo.es\/web\/wp-json\/wp\/v2\/types\/post"}],"author":[{"embeddable":true,"href":"https:\/\/mediocudeyo.es\/web\/wp-json\/wp\/v2\/users\/4"}],"replies":[{"embeddable":true,"href":"https:\/\/mediocudeyo.es\/web\/wp-json\/wp\/v2\/comments?post=21262"}],"version-history":[{"count":1,"href":"https:\/\/mediocudeyo.es\/web\/wp-json\/wp\/v2\/posts\/21262\/revisions"}],"predecessor-version":[{"id":21264,"href":"https:\/\/mediocudeyo.es\/web\/wp-json\/wp\/v2\/posts\/21262\/revisions\/21264"}],"wp:featuredmedia":[{"embeddable":true,"href":"https:\/\/mediocudeyo.es\/web\/wp-json\/wp\/v2\/media\/21263"}],"wp:attachment":[{"href":"https:\/\/mediocudeyo.es\/web\/wp-json\/wp\/v2\/media?parent=21262"}],"wp:term":[{"taxonomy":"category","embeddable":true,"href":"https:\/\/mediocudeyo.es\/web\/wp-json\/wp\/v2\/categories?post=21262"},{"taxonomy":"post_tag","embeddable":true,"href":"https:\/\/mediocudeyo.es\/web\/wp-json\/wp\/v2\/tags?post=21262"}],"curies":[{"name":"wp","href":"https:\/\/api.w.org\/{rel}","templated":true}]}}