{"id":21265,"date":"2023-11-10T15:08:36","date_gmt":"2023-11-10T15:08:36","guid":{"rendered":"https:\/\/mediocudeyo.es\/web\/?p=21265"},"modified":"2023-11-10T15:08:36","modified_gmt":"2023-11-10T15:08:36","slug":"festival-artisticas-medio-cudeyo-2","status":"publish","type":"post","link":"https:\/\/mediocudeyo.es\/web\/festival-artisticas-medio-cudeyo-2\/","title":{"rendered":"Festival Art\u00edsticas Medio Cudeyo"},"content":{"rendered":"<p>Por fin tenemos fecha definitiva para disfrutar de la jornada que faltaba del Festival Art\u00edsticas, el festival de artes en femenino de de Medio Cudeyo.<\/p>\n<div class=\"xdj266r x11i5rnm xat24cr x1mh8g0r x1vvkbs x126k92a\">\n<div dir=\"auto\">Esta vez se realizar\u00e1 aunque haga mal tiempo, ya que en ese caso se trasladar\u00e1 de la Finca del Marqu\u00e9s de Valdecilla a la cubierta del Parque Monse\u00f1or de Cos, Solares.<\/div>\n<\/div>\n<div class=\"x11i5rnm xat24cr x1mh8g0r x1vvkbs xtlvy1s x126k92a\">\n<div dir=\"auto\"><\/div>\n<\/div>\n<div class=\"x11i5rnm xat24cr x1mh8g0r x1vvkbs xtlvy1s x126k92a\">\n<div dir=\"auto\"><span class=\"x3nfvp2 x1j61x8r x1fcty0u xdj266r xhhsvwb xat24cr xgzva0m xxymvpz xlup9mm x1kky2od\"><img decoding=\"async\" class=\"xz74otr\" src=\"https:\/\/static.xx.fbcdn.net\/images\/emoji.php\/v9\/tff\/1\/16\/1f4c6.png\" alt=\"\ud83d\udcc6\" width=\"16\" height=\"16\" \/><\/span><strong> S\u00e1bado 18 de noviembre.<\/strong><\/div>\n<div dir=\"auto\">\u00a1\u00a1Os esperamos a tod@s !!<\/div>\n<div dir=\"auto\">Somos Art\u00edsticas!!! <span class=\"x3nfvp2 x1j61x8r x1fcty0u xdj266r xhhsvwb xat24cr xgzva0m xxymvpz xlup9mm x1kky2od\"><img decoding=\"async\" class=\"xz74otr\" src=\"https:\/\/static.xx.fbcdn.net\/images\/emoji.php\/v9\/t2\/1\/16\/1f60d.png\" alt=\"\ud83d\ude0d\" width=\"16\" height=\"16\" \/><\/span><span class=\"x3nfvp2 x1j61x8r x1fcty0u xdj266r xhhsvwb xat24cr xgzva0m xxymvpz xlup9mm x1kky2od\"><img decoding=\"async\" class=\"xz74otr\" src=\"https:\/\/static.xx.fbcdn.net\/images\/emoji.php\/v9\/tfd\/1\/16\/1f64c.png\" alt=\"\ud83d\ude4c\" width=\"16\" height=\"16\" \/><\/span><span class=\"x3nfvp2 x1j61x8r x1fcty0u xdj266r xhhsvwb xat24cr xgzva0m xxymvpz xlup9mm x1kky2od\"><img loading=\"lazy\" decoding=\"async\" class=\"xz74otr\" src=\"https:\/\/static.xx.fbcdn.net\/images\/emoji.php\/v9\/t96\/1\/16\/1f49c.png\" alt=\"\ud83d\udc9c\" width=\"16\" height=\"16\" \/><\/span><span class=\"x3nfvp2 x1j61x8r x1fcty0u xdj266r xhhsvwb xat24cr xgzva0m xxymvpz xlup9mm x1kky2od\"><img loading=\"lazy\" decoding=\"async\" class=\"xz74otr\" src=\"https:\/\/static.xx.fbcdn.net\/images\/emoji.php\/v9\/t94\/1\/16\/1f49a.png\" alt=\"\ud83d\udc9a\" width=\"16\" height=\"16\" \/><\/span><span class=\"x3nfvp2 x1j61x8r x1fcty0u xdj266r xhhsvwb xat24cr xgzva0m xxymvpz xlup9mm x1kky2od\"><img loading=\"lazy\" decoding=\"async\" class=\"xz74otr\" src=\"https:\/\/static.xx.fbcdn.net\/images\/emoji.php\/v9\/t6c\/1\/16\/2764.png\" alt=\"\u2764\" width=\"16\" height=\"16\" \/><\/span><span class=\"x3nfvp2 x1j61x8r x1fcty0u xdj266r xhhsvwb xat24cr xgzva0m xxymvpz xlup9mm x1kky2od\"><img loading=\"lazy\" decoding=\"async\" class=\"xz74otr\" src=\"https:\/\/static.xx.fbcdn.net\/images\/emoji.php\/v9\/t6c\/1\/16\/1f499.png\" alt=\"\ud83d\udc99\" width=\"16\" height=\"16\" \/><\/span><span class=\"x3nfvp2 x1j61x8r x1fcty0u xdj266r xhhsvwb xat24cr xgzva0m xxymvpz xlup9mm x1kky2od\"><img loading=\"lazy\" decoding=\"async\" class=\"xz74otr\" src=\"https:\/\/static.xx.fbcdn.net\/images\/emoji.php\/v9\/t15\/1\/16\/1f49b.png\" alt=\"\ud83d\udc9b\" width=\"16\" height=\"16\" \/><\/span><span class=\"x3nfvp2 x1j61x8r x1fcty0u xdj266r xhhsvwb xat24cr xgzva0m xxymvpz xlup9mm x1kky2od\"><img loading=\"lazy\" decoding=\"async\" class=\"xz74otr\" src=\"https:\/\/static.xx.fbcdn.net\/images\/emoji.php\/v9\/tfd\/1\/16\/1f9e1.png\" alt=\"\ud83e\udde1\" width=\"16\" height=\"16\" \/><\/span><\/div>\n<\/div>\n<div class=\"x11i5rnm xat24cr x1mh8g0r x1vvkbs xtlvy1s x126k92a\">\n<div dir=\"auto\"><span class=\"x3nfvp2 x1j61x8r x1fcty0u xdj266r xhhsvwb xat24cr xgzva0m xxymvpz xlup9mm x1kky2od\"><img loading=\"lazy\" decoding=\"async\" class=\"xz74otr\" src=\"https:\/\/static.xx.fbcdn.net\/images\/emoji.php\/v9\/tdf\/1\/16\/1f4b5.png\" alt=\"\ud83d\udcb5\" width=\"16\" height=\"16\" \/><\/span>ENTRADA GRATUITA<\/div>\n<div dir=\"auto\"><span class=\"x3nfvp2 x1j61x8r x1fcty0u xdj266r xhhsvwb xat24cr xgzva0m xxymvpz xlup9mm x1kky2od\"><img loading=\"lazy\" decoding=\"async\" class=\"xz74otr\" src=\"https:\/\/static.xx.fbcdn.net\/images\/emoji.php\/v9\/t77\/1\/16\/1f3e1.png\" alt=\"\ud83c\udfe1\" width=\"16\" height=\"16\" \/><\/span> Finca Museo Marqu\u00e9s de Valdecilla (en caso de mal tiempo se trasladar\u00e1 a la Pista Monse\u00f1or de Cos &#8211; Solares)<\/div>\n<div dir=\"auto\"><\/div>\n<\/div>\n<div dir=\"auto\"><img loading=\"lazy\" decoding=\"async\" class=\"size-medium wp-image-21266 aligncenter\" src=\"https:\/\/mediocudeyo.es\/web\/wp-content\/uploads\/2023\/11\/ARTISTICAS.-Nuevo-cartel-18-nov-300x300.png\" alt=\"\" width=\"300\" height=\"300\" srcset=\"https:\/\/mediocudeyo.es\/web\/wp-content\/uploads\/2023\/11\/ARTISTICAS.-Nuevo-cartel-18-nov-300x300.png 300w, https:\/\/mediocudeyo.es\/web\/wp-content\/uploads\/2023\/11\/ARTISTICAS.-Nuevo-cartel-18-nov-1024x1024.png 1024w, https:\/\/mediocudeyo.es\/web\/wp-content\/uploads\/2023\/11\/ARTISTICAS.-Nuevo-cartel-18-nov-150x150.png 150w, https:\/\/mediocudeyo.es\/web\/wp-content\/uploads\/2023\/11\/ARTISTICAS.-Nuevo-cartel-18-nov-768x768.png 768w, https:\/\/mediocudeyo.es\/web\/wp-content\/uploads\/2023\/11\/ARTISTICAS.-Nuevo-cartel-18-nov-450x450.png 450w, https:\/\/mediocudeyo.es\/web\/wp-content\/uploads\/2023\/11\/ARTISTICAS.-Nuevo-cartel-18-nov-106x106.png 106w, https:\/\/mediocudeyo.es\/web\/wp-content\/uploads\/2023\/11\/ARTISTICAS.-Nuevo-cartel-18-nov-560x560.png 560w, https:\/\/mediocudeyo.es\/web\/wp-content\/uploads\/2023\/11\/ARTISTICAS.-Nuevo-cartel-18-nov-70x70.png 70w, https:\/\/mediocudeyo.es\/web\/wp-content\/uploads\/2023\/11\/ARTISTICAS.-Nuevo-cartel-18-nov.png 1080w\" sizes=\"(max-width: 300px) 100vw, 300px\" \/><\/div>\n<div dir=\"auto\"><img loading=\"lazy\" decoding=\"async\" class=\"size-medium wp-image-21267 aligncenter\" src=\"https:\/\/mediocudeyo.es\/web\/wp-content\/uploads\/2023\/11\/ARTISTICAS.-Flyer-con-programacion-300x300.png\" alt=\"\" width=\"300\" height=\"300\" srcset=\"https:\/\/mediocudeyo.es\/web\/wp-content\/uploads\/2023\/11\/ARTISTICAS.-Flyer-con-programacion-300x300.png 300w, https:\/\/mediocudeyo.es\/web\/wp-content\/uploads\/2023\/11\/ARTISTICAS.-Flyer-con-programacion-1024x1024.png 1024w, https:\/\/mediocudeyo.es\/web\/wp-content\/uploads\/2023\/11\/ARTISTICAS.-Flyer-con-programacion-150x150.png 150w, https:\/\/mediocudeyo.es\/web\/wp-content\/uploads\/2023\/11\/ARTISTICAS.-Flyer-con-programacion-768x768.png 768w, https:\/\/mediocudeyo.es\/web\/wp-content\/uploads\/2023\/11\/ARTISTICAS.-Flyer-con-programacion-450x450.png 450w, https:\/\/mediocudeyo.es\/web\/wp-content\/uploads\/2023\/11\/ARTISTICAS.-Flyer-con-programacion-106x106.png 106w, https:\/\/mediocudeyo.es\/web\/wp-content\/uploads\/2023\/11\/ARTISTICAS.-Flyer-con-programacion-560x560.png 560w, https:\/\/mediocudeyo.es\/web\/wp-content\/uploads\/2023\/11\/ARTISTICAS.-Flyer-con-programacion-70x70.png 70w, https:\/\/mediocudeyo.es\/web\/wp-content\/uploads\/2023\/11\/ARTISTICAS.-Flyer-con-programacion.png 1080w\" sizes=\"(max-width: 300px) 100vw, 300px\" \/><\/div>\n","protected":false},"excerpt":{"rendered":"<p>Por fin tenemos fecha definitiva para disfrutar de la jornada que faltaba del Festival Art\u00edsticas, el festival de artes en femenino de de Medio Cudeyo. Esta vez se realizar\u00e1 aunque [&hellip;]<\/p>\n","protected":false},"author":4,"featured_media":21266,"comment_status":"closed","ping_status":"closed","sticky":false,"template":"","format":"standard","meta":{"footnotes":""},"categories":[37],"tags":[240,223,685],"class_list":["post-21265","post","type-post","status-publish","format-standard","has-post-thumbnail","hentry","category-centro-cultural","tag-artisticas","tag-festival","tag-medio-cueyo"],"_links":{"self":[{"href":"https:\/\/mediocudeyo.es\/web\/wp-json\/wp\/v2\/posts\/21265"}],"collection":[{"href":"https:\/\/mediocudeyo.es\/web\/wp-json\/wp\/v2\/posts"}],"about":[{"href":"https:\/\/mediocudeyo.es\/web\/wp-json\/wp\/v2\/types\/post"}],"author":[{"embeddable":true,"href":"https:\/\/mediocudeyo.es\/web\/wp-json\/wp\/v2\/users\/4"}],"replies":[{"embeddable":true,"href":"https:\/\/mediocudeyo.es\/web\/wp-json\/wp\/v2\/comments?post=21265"}],"version-history":[{"count":1,"href":"https:\/\/mediocudeyo.es\/web\/wp-json\/wp\/v2\/posts\/21265\/revisions"}],"predecessor-version":[{"id":21268,"href":"https:\/\/mediocudeyo.es\/web\/wp-json\/wp\/v2\/posts\/21265\/revisions\/21268"}],"wp:featuredmedia":[{"embeddable":true,"href":"https:\/\/mediocudeyo.es\/web\/wp-json\/wp\/v2\/media\/21266"}],"wp:attachment":[{"href":"https:\/\/mediocudeyo.es\/web\/wp-json\/wp\/v2\/media?parent=21265"}],"wp:term":[{"taxonomy":"category","embeddable":true,"href":"https:\/\/mediocudeyo.es\/web\/wp-json\/wp\/v2\/categories?post=21265"},{"taxonomy":"post_tag","embeddable":true,"href":"https:\/\/mediocudeyo.es\/web\/wp-json\/wp\/v2\/tags?post=21265"}],"curies":[{"name":"wp","href":"https:\/\/api.w.org\/{rel}","templated":true}]}}