{"id":21468,"date":"2023-11-28T10:47:33","date_gmt":"2023-11-28T10:47:33","guid":{"rendered":"https:\/\/mediocudeyo.es\/web\/?p=21468"},"modified":"2023-11-27T18:49:56","modified_gmt":"2023-11-27T18:49:56","slug":"charlas-informativas-de-consumo-para-tercera-edad","status":"publish","type":"post","link":"https:\/\/mediocudeyo.es\/web\/charlas-informativas-de-consumo-para-tercera-edad\/","title":{"rendered":"Charlas informativas de consumo para tercera edad"},"content":{"rendered":"<div data-contents=\"true\">\n<div class=\"\" data-block=\"true\" data-editor=\"agh37\" data-offset-key=\"boc9u-0-0\">\n<div data-contents=\"true\">\n<div class=\"\" data-block=\"true\" data-editor=\"agh37\" data-offset-key=\"boc9u-0-0\">\n<div class=\"_1mf _1mj\" data-offset-key=\"boc9u-0-0\"><span data-offset-key=\"boc9u-0-0\">El jueves 7 de diciembre, la Oficina del Consumidor de Medio Cudeyo organiza el una charla informativa dirigida a las personas de la tercera edad del municipio, en la que se tratar\u00e1n temas de inter\u00e9s en el \u00e1mbito del consumo: Facturas, seguros, viajes, garant\u00edas&#8230;<\/span><\/div>\n<\/div>\n<div class=\"\" data-block=\"true\" data-editor=\"agh37\" data-offset-key=\"dr87c-0-0\">\n<div class=\"_1mf _1mj\" data-offset-key=\"dr87c-0-0\"><span data-offset-key=\"dr87c-0-0\">\u00a0<\/span><\/div>\n<\/div>\n<div class=\"\" data-block=\"true\" data-editor=\"agh37\" data-offset-key=\"4vt65-0-0\">\n<div class=\"_1mf _1mj\" data-offset-key=\"4vt65-0-0\"><span data-offset-key=\"4vt65-0-0\">\u260e\ufe0f Se ruega confirmar asistencia a trav\u00e9s de este correo o en el tel\u00e9fono de Casa Corpas: 942522833. <\/span><\/div>\n<\/div>\n<div class=\"\" data-block=\"true\" data-editor=\"agh37\" data-offset-key=\"fvpvn-0-0\"><\/div>\n<\/div>\n<\/div>\n<\/div>\n<div data-offset-key=\"boc9u-0-0\"><\/div>\n<div data-offset-key=\"boc9u-0-0\"><img fetchpriority=\"high\" decoding=\"async\" class=\"alignnone size-medium wp-image-21469\" src=\"https:\/\/mediocudeyo.es\/web\/wp-content\/uploads\/2023\/11\/CHARLA-TERCERA-EDAD-MEDIO-CUDEYO-7-DICIEMBRE-212x300.jpg\" alt=\"\" width=\"212\" height=\"300\" srcset=\"https:\/\/mediocudeyo.es\/web\/wp-content\/uploads\/2023\/11\/CHARLA-TERCERA-EDAD-MEDIO-CUDEYO-7-DICIEMBRE-212x300.jpg 212w, https:\/\/mediocudeyo.es\/web\/wp-content\/uploads\/2023\/11\/CHARLA-TERCERA-EDAD-MEDIO-CUDEYO-7-DICIEMBRE-724x1024.jpg 724w, https:\/\/mediocudeyo.es\/web\/wp-content\/uploads\/2023\/11\/CHARLA-TERCERA-EDAD-MEDIO-CUDEYO-7-DICIEMBRE-768x1086.jpg 768w, https:\/\/mediocudeyo.es\/web\/wp-content\/uploads\/2023\/11\/CHARLA-TERCERA-EDAD-MEDIO-CUDEYO-7-DICIEMBRE-1086x1536.jpg 1086w, https:\/\/mediocudeyo.es\/web\/wp-content\/uploads\/2023\/11\/CHARLA-TERCERA-EDAD-MEDIO-CUDEYO-7-DICIEMBRE-1448x2048.jpg 1448w, https:\/\/mediocudeyo.es\/web\/wp-content\/uploads\/2023\/11\/CHARLA-TERCERA-EDAD-MEDIO-CUDEYO-7-DICIEMBRE.jpg 1587w\" sizes=\"(max-width: 212px) 100vw, 212px\" \/><\/div>\n<div data-contents=\"true\">\n<div class=\"\" data-block=\"true\" data-editor=\"agh37\" data-offset-key=\"4vt65-0-0\">\n<div class=\"_1mf _1mj\" data-offset-key=\"4vt65-0-0\"><\/div>\n<\/div>\n<div class=\"\" data-block=\"true\" data-editor=\"agh37\" data-offset-key=\"fvpvn-0-0\">\n<div class=\"_1mf _1mj\" data-offset-key=\"fvpvn-0-0\"><span data-offset-key=\"fvpvn-0-0\">\u00a0<\/span><\/div>\n<\/div>\n<div class=\"_1mf _1mj\" data-offset-key=\"dgii0-0-0\"><span class=\"_5zk7\" data-offset-key=\"dgii0-0-0\"><span data-offset-key=\"dgii0-0-0\">\u00a0<\/span><\/span><\/div>\n<\/div>\n","protected":false},"excerpt":{"rendered":"<p>El jueves 7 de diciembre, la Oficina del Consumidor de Medio Cudeyo organiza el una charla informativa dirigida a las personas de la tercera edad del municipio, en la que [&hellip;]<\/p>\n","protected":false},"author":4,"featured_media":0,"comment_status":"closed","ping_status":"closed","sticky":false,"template":"","format":"standard","meta":{"footnotes":""},"categories":[53],"tags":[592,243],"class_list":["post-21468","post","type-post","status-publish","format-standard","hentry","category-oficina-del-consumidor","tag-consumo","tag-tercera-edad"],"_links":{"self":[{"href":"https:\/\/mediocudeyo.es\/web\/wp-json\/wp\/v2\/posts\/21468"}],"collection":[{"href":"https:\/\/mediocudeyo.es\/web\/wp-json\/wp\/v2\/posts"}],"about":[{"href":"https:\/\/mediocudeyo.es\/web\/wp-json\/wp\/v2\/types\/post"}],"author":[{"embeddable":true,"href":"https:\/\/mediocudeyo.es\/web\/wp-json\/wp\/v2\/users\/4"}],"replies":[{"embeddable":true,"href":"https:\/\/mediocudeyo.es\/web\/wp-json\/wp\/v2\/comments?post=21468"}],"version-history":[{"count":1,"href":"https:\/\/mediocudeyo.es\/web\/wp-json\/wp\/v2\/posts\/21468\/revisions"}],"predecessor-version":[{"id":21470,"href":"https:\/\/mediocudeyo.es\/web\/wp-json\/wp\/v2\/posts\/21468\/revisions\/21470"}],"wp:attachment":[{"href":"https:\/\/mediocudeyo.es\/web\/wp-json\/wp\/v2\/media?parent=21468"}],"wp:term":[{"taxonomy":"category","embeddable":true,"href":"https:\/\/mediocudeyo.es\/web\/wp-json\/wp\/v2\/categories?post=21468"},{"taxonomy":"post_tag","embeddable":true,"href":"https:\/\/mediocudeyo.es\/web\/wp-json\/wp\/v2\/tags?post=21468"}],"curies":[{"name":"wp","href":"https:\/\/api.w.org\/{rel}","templated":true}]}}