{"id":21589,"date":"2023-12-21T10:01:47","date_gmt":"2023-12-21T10:01:47","guid":{"rendered":"https:\/\/mediocudeyo.es\/web\/?p=21589"},"modified":"2023-12-21T10:01:47","modified_gmt":"2023-12-21T10:01:47","slug":"nuevo-horario-de-la-oficina-municipal-de-atencion-al-consumidor","status":"publish","type":"post","link":"https:\/\/mediocudeyo.es\/web\/nuevo-horario-de-la-oficina-municipal-de-atencion-al-consumidor\/","title":{"rendered":"Nuevo horario de la Oficina Municipal de Atenci\u00f3n al Consumidor"},"content":{"rendered":"<div class=\"\" dir=\"auto\">\n<div id=\":r32:\" class=\"x1iorvi4 x1pi30zi x1swvt13 xjkvuk6\" data-ad-comet-preview=\"message\" data-ad-preview=\"message\">\n<div class=\"x78zum5 xdt5ytf xz62fqu x16ldp7u\">\n<div class=\"xu06os2 x1ok221b\">\n<div class=\"xdj266r x11i5rnm xat24cr x1mh8g0r x1vvkbs x126k92a\">\n<div dir=\"auto\">A partir de Enero, la Oficina Municipal de Atenci\u00f3n al Consumidor tendr\u00e1 un nuevo horario. Os dejamos toda la informaci\u00f3n en el cartel.<\/div>\n<\/div>\n<div class=\"x11i5rnm xat24cr x1mh8g0r x1vvkbs xtlvy1s x126k92a\">\n<div dir=\"auto\"><a class=\"x1i10hfl xjbqb8w x6umtig x1b1mbwd xaqea5y xav7gou x9f619 x1ypdohk xt0psk2 xe8uvvx xdj266r x11i5rnm xat24cr x1mh8g0r xexx8yu x4uap5 x18d9i69 xkhd6sd x16tdsg8 x1hl2dhg xggy1nq x1a2a7pz xt0b8zv x1qq9wsj xo1l8bm\" role=\"link\" href=\"https:\/\/www.facebook.com\/hashtag\/mediocudeyo?__eep__=6&amp;__cft__[0]=AZXs7MVbp2KR26rlJXCc5sLJdTb4BMDO9cS5PwhL4TVI-nTveqsu6HEgYW0QnwnoHp_MjhitDICCLrylQbDLfKg6Pha4DxZX9Cdbhv4V9eRhpo_udgyrNCNPP0fKqmWLKMQ&amp;__tn__=*NK-R\" target=\"_blank\" rel=\"noopener\"><img fetchpriority=\"high\" decoding=\"async\" class=\"alignnone size-medium wp-image-21590\" src=\"https:\/\/mediocudeyo.es\/web\/wp-content\/uploads\/2023\/12\/NUEVO-HORARIO-OMIC-MEDIO-CUDEYO-212x300.jpg\" alt=\"\" width=\"212\" height=\"300\" srcset=\"https:\/\/mediocudeyo.es\/web\/wp-content\/uploads\/2023\/12\/NUEVO-HORARIO-OMIC-MEDIO-CUDEYO-212x300.jpg 212w, https:\/\/mediocudeyo.es\/web\/wp-content\/uploads\/2023\/12\/NUEVO-HORARIO-OMIC-MEDIO-CUDEYO-724x1024.jpg 724w, https:\/\/mediocudeyo.es\/web\/wp-content\/uploads\/2023\/12\/NUEVO-HORARIO-OMIC-MEDIO-CUDEYO-768x1086.jpg 768w, https:\/\/mediocudeyo.es\/web\/wp-content\/uploads\/2023\/12\/NUEVO-HORARIO-OMIC-MEDIO-CUDEYO-1086x1536.jpg 1086w, https:\/\/mediocudeyo.es\/web\/wp-content\/uploads\/2023\/12\/NUEVO-HORARIO-OMIC-MEDIO-CUDEYO-1448x2048.jpg 1448w, https:\/\/mediocudeyo.es\/web\/wp-content\/uploads\/2023\/12\/NUEVO-HORARIO-OMIC-MEDIO-CUDEYO.jpg 1587w\" sizes=\"(max-width: 212px) 100vw, 212px\" \/><\/a><\/div>\n<\/div>\n<\/div>\n<\/div>\n<\/div>\n<\/div>\n","protected":false},"excerpt":{"rendered":"<p>A partir de Enero, la Oficina Municipal de Atenci\u00f3n al Consumidor tendr\u00e1 un nuevo horario. Os dejamos toda la informaci\u00f3n en el cartel.<\/p>\n","protected":false},"author":4,"featured_media":21590,"comment_status":"closed","ping_status":"closed","sticky":false,"template":"","format":"standard","meta":{"footnotes":""},"categories":[53],"tags":[620],"class_list":["post-21589","post","type-post","status-publish","format-standard","has-post-thumbnail","hentry","category-oficina-del-consumidor","tag-oficina-del-consumidor"],"_links":{"self":[{"href":"https:\/\/mediocudeyo.es\/web\/wp-json\/wp\/v2\/posts\/21589"}],"collection":[{"href":"https:\/\/mediocudeyo.es\/web\/wp-json\/wp\/v2\/posts"}],"about":[{"href":"https:\/\/mediocudeyo.es\/web\/wp-json\/wp\/v2\/types\/post"}],"author":[{"embeddable":true,"href":"https:\/\/mediocudeyo.es\/web\/wp-json\/wp\/v2\/users\/4"}],"replies":[{"embeddable":true,"href":"https:\/\/mediocudeyo.es\/web\/wp-json\/wp\/v2\/comments?post=21589"}],"version-history":[{"count":1,"href":"https:\/\/mediocudeyo.es\/web\/wp-json\/wp\/v2\/posts\/21589\/revisions"}],"predecessor-version":[{"id":21591,"href":"https:\/\/mediocudeyo.es\/web\/wp-json\/wp\/v2\/posts\/21589\/revisions\/21591"}],"wp:featuredmedia":[{"embeddable":true,"href":"https:\/\/mediocudeyo.es\/web\/wp-json\/wp\/v2\/media\/21590"}],"wp:attachment":[{"href":"https:\/\/mediocudeyo.es\/web\/wp-json\/wp\/v2\/media?parent=21589"}],"wp:term":[{"taxonomy":"category","embeddable":true,"href":"https:\/\/mediocudeyo.es\/web\/wp-json\/wp\/v2\/categories?post=21589"},{"taxonomy":"post_tag","embeddable":true,"href":"https:\/\/mediocudeyo.es\/web\/wp-json\/wp\/v2\/tags?post=21589"}],"curies":[{"name":"wp","href":"https:\/\/api.w.org\/{rel}","templated":true}]}}