{"id":21658,"date":"2024-01-16T15:11:04","date_gmt":"2024-01-16T15:11:04","guid":{"rendered":"https:\/\/mediocudeyo.es\/web\/?p=21658"},"modified":"2024-01-15T18:15:52","modified_gmt":"2024-01-15T18:15:52","slug":"i-torneo-de-jovenes-promesas-de-ajedrez-de-medio-cudeyo","status":"publish","type":"post","link":"https:\/\/mediocudeyo.es\/web\/i-torneo-de-jovenes-promesas-de-ajedrez-de-medio-cudeyo\/","title":{"rendered":"I Torneo de j\u00f3venes promesas de ajedrez de Medio Cudeyo"},"content":{"rendered":"<div class=\"xdj266r x11i5rnm xat24cr x1mh8g0r x1vvkbs x126k92a\">\n<div dir=\"auto\"><span class=\"x3nfvp2 x1j61x8r x1fcty0u xdj266r xhhsvwb xat24cr xgzva0m xxymvpz xlup9mm x1kky2od\"><img decoding=\"async\" class=\"xz74otr\" src=\"https:\/\/static.xx.fbcdn.net\/images\/emoji.php\/v9\/tbe\/1\/16\/265f.png\" alt=\"\u265f\" width=\"16\" height=\"16\" \/><\/span> El pr\u00f3ximo 28 de Enero se celebrar\u00e1 el I Torneo de j\u00f3venes promesas de ajedrez de Medio Cudeyo, organizado por el club Gambito de Medio Cudeyo y el Ayuntamiento de Medio Cudeyo, y con la colaboraci\u00f3n de la Federaci\u00f3n C\u00e1ntabra de Ajedrez.<\/div>\n<div dir=\"auto\"><\/div>\n<\/div>\n<div class=\"x11i5rnm xat24cr x1mh8g0r x1vvkbs xtlvy1s x126k92a\">\n<div dir=\"auto\"><span class=\"x3nfvp2 x1j61x8r x1fcty0u xdj266r xhhsvwb xat24cr xgzva0m xxymvpz xlup9mm x1kky2od\"><img decoding=\"async\" class=\"xz74otr\" src=\"https:\/\/static.xx.fbcdn.net\/images\/emoji.php\/v9\/t8e\/1\/16\/2139.png\" alt=\"\u2139\ufe0f\" width=\"16\" height=\"16\" \/><\/span>Inscripciones gratuitas. Las inscripciones aceptadas se actualizar\u00e1n transcurrido un tiempo en el chess-results<\/div>\n<div dir=\"auto\"><span class=\"x3nfvp2 x1j61x8r x1fcty0u xdj266r xhhsvwb xat24cr xgzva0m xxymvpz xlup9mm x1kky2od\"><img decoding=\"async\" class=\"xz74otr\" src=\"https:\/\/static.xx.fbcdn.net\/images\/emoji.php\/v9\/t77\/1\/16\/203c.png\" alt=\"\u203c\ufe0f\" width=\"16\" height=\"16\" \/><\/span>Fecha l\u00edmite: 26 de Enero a las 15:00.<\/div>\n<\/div>\n<div class=\"x11i5rnm xat24cr x1mh8g0r x1vvkbs xtlvy1s x126k92a\">\n<div dir=\"auto\">Toda la informaci\u00f3n e inscripciones pinchando <a href=\"https:\/\/fcajedrez.es\/torneo\/2024\/i-torneo-de-jovenes-promesas-de-ajedrez-de-medio-cudeyo\/\"><strong>AQU\u00cd<\/strong><\/a><\/div>\n<\/div>\n<div dir=\"auto\"><\/div>\n<div dir=\"auto\"><img loading=\"lazy\" decoding=\"async\" class=\"alignnone size-medium wp-image-21659\" src=\"https:\/\/mediocudeyo.es\/web\/wp-content\/uploads\/2024\/01\/ajedrez-con-logos-212x300.jpeg\" alt=\"\" width=\"212\" height=\"300\" srcset=\"https:\/\/mediocudeyo.es\/web\/wp-content\/uploads\/2024\/01\/ajedrez-con-logos-212x300.jpeg 212w, https:\/\/mediocudeyo.es\/web\/wp-content\/uploads\/2024\/01\/ajedrez-con-logos-722x1024.jpeg 722w, https:\/\/mediocudeyo.es\/web\/wp-content\/uploads\/2024\/01\/ajedrez-con-logos-768x1089.jpeg 768w, https:\/\/mediocudeyo.es\/web\/wp-content\/uploads\/2024\/01\/ajedrez-con-logos-1083x1536.jpeg 1083w, https:\/\/mediocudeyo.es\/web\/wp-content\/uploads\/2024\/01\/ajedrez-con-logos.jpeg 1128w\" sizes=\"(max-width: 212px) 100vw, 212px\" \/><\/div>\n","protected":false},"excerpt":{"rendered":"<p>El pr\u00f3ximo 28 de Enero se celebrar\u00e1 el I Torneo de j\u00f3venes promesas de ajedrez de Medio Cudeyo, organizado por el club Gambito de Medio Cudeyo y el Ayuntamiento de [&hellip;]<\/p>\n","protected":false},"author":4,"featured_media":21659,"comment_status":"closed","ping_status":"closed","sticky":false,"template":"","format":"standard","meta":{"footnotes":""},"categories":[37],"tags":[327,92,701],"class_list":["post-21658","post","type-post","status-publish","format-standard","has-post-thumbnail","hentry","category-centro-cultural","tag-ajedrez","tag-escuelas-culturales","tag-torneo"],"_links":{"self":[{"href":"https:\/\/mediocudeyo.es\/web\/wp-json\/wp\/v2\/posts\/21658"}],"collection":[{"href":"https:\/\/mediocudeyo.es\/web\/wp-json\/wp\/v2\/posts"}],"about":[{"href":"https:\/\/mediocudeyo.es\/web\/wp-json\/wp\/v2\/types\/post"}],"author":[{"embeddable":true,"href":"https:\/\/mediocudeyo.es\/web\/wp-json\/wp\/v2\/users\/4"}],"replies":[{"embeddable":true,"href":"https:\/\/mediocudeyo.es\/web\/wp-json\/wp\/v2\/comments?post=21658"}],"version-history":[{"count":1,"href":"https:\/\/mediocudeyo.es\/web\/wp-json\/wp\/v2\/posts\/21658\/revisions"}],"predecessor-version":[{"id":21660,"href":"https:\/\/mediocudeyo.es\/web\/wp-json\/wp\/v2\/posts\/21658\/revisions\/21660"}],"wp:featuredmedia":[{"embeddable":true,"href":"https:\/\/mediocudeyo.es\/web\/wp-json\/wp\/v2\/media\/21659"}],"wp:attachment":[{"href":"https:\/\/mediocudeyo.es\/web\/wp-json\/wp\/v2\/media?parent=21658"}],"wp:term":[{"taxonomy":"category","embeddable":true,"href":"https:\/\/mediocudeyo.es\/web\/wp-json\/wp\/v2\/categories?post=21658"},{"taxonomy":"post_tag","embeddable":true,"href":"https:\/\/mediocudeyo.es\/web\/wp-json\/wp\/v2\/tags?post=21658"}],"curies":[{"name":"wp","href":"https:\/\/api.w.org\/{rel}","templated":true}]}}