{"id":21768,"date":"2024-02-01T11:30:29","date_gmt":"2024-02-01T11:30:29","guid":{"rendered":"https:\/\/mediocudeyo.es\/web\/?p=21768"},"modified":"2024-02-01T11:30:29","modified_gmt":"2024-02-01T11:30:29","slug":"admitidos-en-el-campus-urbano-de-carnaval-2024","status":"publish","type":"post","link":"https:\/\/mediocudeyo.es\/web\/admitidos-en-el-campus-urbano-de-carnaval-2024\/","title":{"rendered":"Admitidos en el Campus Urbano de Carnaval 2024"},"content":{"rendered":"<p>Desde la Concejal\u00eda de Educaci\u00f3n se ha procedido a la selecci\u00f3n de participantes para el<strong> Campus Urbano de CARNAVAL 2024<\/strong> de Medio Cudeyo, con arreglo a las bases de la convocatoria, resultando <strong><u>todas las solicitudes admitidas<\/u><\/strong>.<\/p>\n<p>Agradecemos que, <strong>en caso de no hacer uso de la plaza o de no utilizar el servicio de madrugadores, comedor o de cualquier otro cambio en la opci\u00f3n de horario escogida, nos avisen con antelaci\u00f3n<\/strong> para una mejor organizaci\u00f3n de la actividad.<\/p>\n<p><strong><u>Los pagos deben realizarse desde hoy 1 de febrero\u00a0 hasta el martes 6 de febrero<\/u><\/strong><strong> hasta las 20:00 horas y presentar el resguardo en ese mismo plazo en el Centro Cultural Ram\u00f3n Pelayo en persona o por correo electr\u00f3nico: <a href=\"mailto:centrocultural@mediocudeyo.es\">centrocultural@mediocudeyo.es<\/a><\/strong><\/p>\n<p><strong>Recordamos los precios de la actividad <\/strong><em>(seg\u00fan ordenanzas municipales)<\/em>:<\/p>\n<p><strong>Empadronados<\/strong>: 20\u20ac<\/p>\n<p><strong>No empadronados<\/strong>: 24 \u20ac<\/p>\n<p>La cantidad correspondiente se ingresar\u00e1 en el <strong>n\u00famero de cuenta<\/strong> que se muestra a continuaci\u00f3n y como <strong>Concepto: nombre y apellidos del ni\u00f1o\/a + CAMPUS CARNAVAL.<\/strong><br \/>\n<em>Unicaja (antiguo Liberbank) ES85 2103 7157 3200 3001 4702<\/em><\/p>\n<p><strong>Adem\u00e1s, para un buen desarrollo de la actividad, les rogamos lean los siguientes documentos:<\/strong><\/p>\n<ul>\n<li><strong>Informaci\u00f3n<\/strong> <strong>para las familias<\/strong> respecto a la realizaci\u00f3n del campus: <a href=\"https:\/\/mediocudeyo.es\/web\/wp-content\/uploads\/2024\/02\/CARTA-INFORMATIVA-CAMPUS-URBANO-CARNAVAL-2024.pdf\">CARTA INFORMATIVA CAMPUS URBANO CARNAVAL 2024<\/a><\/li>\n<li>El primer d\u00eda de actividad los participantes deber\u00e1n llevar impresa y firmada la <strong>autorizaci\u00f3n ante posibles salidas<\/strong> del recinto (aunque en principio no hay ninguna programada): <a href=\"https:\/\/mediocudeyo.es\/web\/wp-content\/uploads\/2024\/02\/Autorizacion-Salidas-Campus-Urbano-Carnaval-2024.pdf\">Autorizaci\u00f3n Salidas Campus Urbano Carnaval 2024<\/a>.<\/li>\n<li>Les adjuntamos adem\u00e1s una <strong>nota informativa<\/strong> de la Consejer\u00eda de Salud <strong>sobre el consumo de las comidas elaboradas<\/strong> que los\/las participantes que hacen uso del servicio de comedor deben tener en cuenta: <a href=\"https:\/\/mediocudeyo.es\/web\/wp-content\/uploads\/2023\/12\/NOTA-INFORMATIVA-CAMPUS-URBANO-DE-MEDIO-CUDEYO.pdf\">NOTA INFORMATIVA CAMPUS URBANO DE MEDIO CUDEYO<\/a><\/li>\n<\/ul>\n<p>Para cualquier duda o m\u00e1s informaci\u00f3n pueden ponerse en contacto con el Punto de Informaci\u00f3n Municipal en el Centro Cultural Ram\u00f3n Pelayo: 942 522 685.<\/p>\n<p>&nbsp;<\/p>\n","protected":false},"excerpt":{"rendered":"<p>Desde la Concejal\u00eda de Educaci\u00f3n se ha procedido a la selecci\u00f3n de participantes para el Campus Urbano de CARNAVAL 2024 de Medio Cudeyo, con arreglo a las bases de la [&hellip;]<\/p>\n","protected":false},"author":4,"featured_media":21772,"comment_status":"closed","ping_status":"closed","sticky":false,"template":"","format":"standard","meta":{"footnotes":""},"categories":[39],"tags":[463,702,407,221],"class_list":["post-21768","post","type-post","status-publish","format-standard","has-post-thumbnail","hentry","category-educacion","tag-campus","tag-eduacion","tag-infancia","tag-vacaciones"],"_links":{"self":[{"href":"https:\/\/mediocudeyo.es\/web\/wp-json\/wp\/v2\/posts\/21768"}],"collection":[{"href":"https:\/\/mediocudeyo.es\/web\/wp-json\/wp\/v2\/posts"}],"about":[{"href":"https:\/\/mediocudeyo.es\/web\/wp-json\/wp\/v2\/types\/post"}],"author":[{"embeddable":true,"href":"https:\/\/mediocudeyo.es\/web\/wp-json\/wp\/v2\/users\/4"}],"replies":[{"embeddable":true,"href":"https:\/\/mediocudeyo.es\/web\/wp-json\/wp\/v2\/comments?post=21768"}],"version-history":[{"count":1,"href":"https:\/\/mediocudeyo.es\/web\/wp-json\/wp\/v2\/posts\/21768\/revisions"}],"predecessor-version":[{"id":21773,"href":"https:\/\/mediocudeyo.es\/web\/wp-json\/wp\/v2\/posts\/21768\/revisions\/21773"}],"wp:featuredmedia":[{"embeddable":true,"href":"https:\/\/mediocudeyo.es\/web\/wp-json\/wp\/v2\/media\/21772"}],"wp:attachment":[{"href":"https:\/\/mediocudeyo.es\/web\/wp-json\/wp\/v2\/media?parent=21768"}],"wp:term":[{"taxonomy":"category","embeddable":true,"href":"https:\/\/mediocudeyo.es\/web\/wp-json\/wp\/v2\/categories?post=21768"},{"taxonomy":"post_tag","embeddable":true,"href":"https:\/\/mediocudeyo.es\/web\/wp-json\/wp\/v2\/tags?post=21768"}],"curies":[{"name":"wp","href":"https:\/\/api.w.org\/{rel}","templated":true}]}}