{"id":21777,"date":"2024-02-04T09:18:52","date_gmt":"2024-02-04T09:18:52","guid":{"rendered":"https:\/\/mediocudeyo.es\/web\/?p=21777"},"modified":"2024-02-02T11:20:38","modified_gmt":"2024-02-02T11:20:38","slug":"exposicion-aves-de-europa-de-belen-alonso-rodriguez","status":"publish","type":"post","link":"https:\/\/mediocudeyo.es\/web\/exposicion-aves-de-europa-de-belen-alonso-rodriguez\/","title":{"rendered":"Exposici\u00f3n \u00abAves de Europa\u00bb de Bel\u00e9n Alonso Rodr\u00edguez"},"content":{"rendered":"<p><span class=\"x193iq5w xeuugli x13faqbe x1vvkbs x1xmvt09 x1lliihq x1s928wv xhkezso x1gmr53x x1cpjm7i x1fgarty x1943h6x xudqn12 x3x7a5m x6prxxf xvq8zen xo1l8bm xzsf02u\" dir=\"auto\">En febrero, el Centro Cultural nos trae una exposici\u00f3n muy especial: \u00ab<em>Aves de Europa<\/em>\u00bb de Bel\u00e9n Alonso Rodr\u00edguez.<\/span><\/p>\n<p><img fetchpriority=\"high\" decoding=\"async\" class=\"alignnone size-medium wp-image-21778\" src=\"https:\/\/mediocudeyo.es\/web\/wp-content\/uploads\/2024\/02\/EXPO-AVES-9-feb-CARTEL-JPG-212x300.jpg\" alt=\"\" width=\"212\" height=\"300\" srcset=\"https:\/\/mediocudeyo.es\/web\/wp-content\/uploads\/2024\/02\/EXPO-AVES-9-feb-CARTEL-JPG-212x300.jpg 212w, https:\/\/mediocudeyo.es\/web\/wp-content\/uploads\/2024\/02\/EXPO-AVES-9-feb-CARTEL-JPG-724x1024.jpg 724w, https:\/\/mediocudeyo.es\/web\/wp-content\/uploads\/2024\/02\/EXPO-AVES-9-feb-CARTEL-JPG-768x1086.jpg 768w, https:\/\/mediocudeyo.es\/web\/wp-content\/uploads\/2024\/02\/EXPO-AVES-9-feb-CARTEL-JPG-1086x1536.jpg 1086w, https:\/\/mediocudeyo.es\/web\/wp-content\/uploads\/2024\/02\/EXPO-AVES-9-feb-CARTEL-JPG-1448x2048.jpg 1448w, https:\/\/mediocudeyo.es\/web\/wp-content\/uploads\/2024\/02\/EXPO-AVES-9-feb-CARTEL-JPG.jpg 1587w\" sizes=\"(max-width: 212px) 100vw, 212px\" \/><\/p>\n<p><span class=\"x193iq5w xeuugli x13faqbe x1vvkbs x1xmvt09 x1lliihq x1s928wv xhkezso x1gmr53x x1cpjm7i x1fgarty x1943h6x xudqn12 x3x7a5m x6prxxf xvq8zen xo1l8bm xzsf02u\" dir=\"auto\"><br \/>\nEsta exposici\u00f3n est\u00e1 dedicada a las aves, incre\u00edbles seres vivos que podemos encontrar en cualquier h\u00e1bitat.<\/p>\n<p><span class=\"x3nfvp2 x1j61x8r x1fcty0u xdj266r xhhsvwb xat24cr xgzva0m xxymvpz xlup9mm x1kky2od\"><img decoding=\"async\" class=\"xz74otr\" src=\"https:\/\/static.xx.fbcdn.net\/images\/emoji.php\/v9\/t40\/1\/16\/25b6.png\" alt=\"\u25b6\ufe0f\" width=\"16\" height=\"16\" \/><\/span> Bel\u00e9n Alonso Rodr\u00edguez es una bi\u00f3loga gallega afincada en Cantabria. Estudi\u00f3 en la USC y en esa \u00e9poca comenz\u00f3 a interesarse por la ornitolog\u00eda. Esta pasi\u00f3n le lleva a viajar por Europa con el objetivo de conocer diferentes h\u00e1bitats y sus aves. La c\u00e1mara la acompa\u00f1a en todas sus salidas para captar instant\u00e1neas que nos acercan a una realidad tan cercana y, en ocasiones, tan poco conocida\u00a0.<\/p>\n<p><span class=\"x3nfvp2 x1j61x8r x1fcty0u xdj266r xhhsvwb xat24cr xgzva0m xxymvpz xlup9mm x1kky2od\"><img decoding=\"async\" class=\"xz74otr\" src=\"https:\/\/static.xx.fbcdn.net\/images\/emoji.php\/v9\/tff\/1\/16\/1f4c6.png\" alt=\"\ud83d\udcc6\" width=\"16\" height=\"16\" \/><\/span> La inauguraci\u00f3n tendr\u00e1 lugar el viernes 9 de febrero a las 19:30h.<\/p>\n<p><span class=\"x3nfvp2 x1j61x8r x1fcty0u xdj266r xhhsvwb xat24cr xgzva0m xxymvpz xlup9mm x1kky2od\"><img loading=\"lazy\" decoding=\"async\" class=\"xz74otr\" src=\"https:\/\/static.xx.fbcdn.net\/images\/emoji.php\/v9\/t34\/1\/16\/23f0.png\" alt=\"\u23f0\" width=\"16\" height=\"16\" \/><\/span> Entrada libre. Se puede visitar en horario de apertura del Centro Cultural de lunes a s\u00e1bado.<\/span><\/p>\n","protected":false},"excerpt":{"rendered":"<p>En febrero, el Centro Cultural nos trae una exposici\u00f3n muy especial: \u00abAves de Europa\u00bb de Bel\u00e9n Alonso Rodr\u00edguez. Esta exposici\u00f3n est\u00e1 dedicada a las aves, incre\u00edbles seres vivos que podemos [&hellip;]<\/p>\n","protected":false},"author":4,"featured_media":21778,"comment_status":"closed","ping_status":"closed","sticky":false,"template":"","format":"standard","meta":{"footnotes":""},"categories":[37],"tags":[703,104,87,88],"class_list":["post-21777","post","type-post","status-publish","format-standard","has-post-thumbnail","hentry","category-centro-cultural","tag-aves","tag-centro-cultural","tag-exposicion","tag-fotografia"],"_links":{"self":[{"href":"https:\/\/mediocudeyo.es\/web\/wp-json\/wp\/v2\/posts\/21777"}],"collection":[{"href":"https:\/\/mediocudeyo.es\/web\/wp-json\/wp\/v2\/posts"}],"about":[{"href":"https:\/\/mediocudeyo.es\/web\/wp-json\/wp\/v2\/types\/post"}],"author":[{"embeddable":true,"href":"https:\/\/mediocudeyo.es\/web\/wp-json\/wp\/v2\/users\/4"}],"replies":[{"embeddable":true,"href":"https:\/\/mediocudeyo.es\/web\/wp-json\/wp\/v2\/comments?post=21777"}],"version-history":[{"count":1,"href":"https:\/\/mediocudeyo.es\/web\/wp-json\/wp\/v2\/posts\/21777\/revisions"}],"predecessor-version":[{"id":21779,"href":"https:\/\/mediocudeyo.es\/web\/wp-json\/wp\/v2\/posts\/21777\/revisions\/21779"}],"wp:featuredmedia":[{"embeddable":true,"href":"https:\/\/mediocudeyo.es\/web\/wp-json\/wp\/v2\/media\/21778"}],"wp:attachment":[{"href":"https:\/\/mediocudeyo.es\/web\/wp-json\/wp\/v2\/media?parent=21777"}],"wp:term":[{"taxonomy":"category","embeddable":true,"href":"https:\/\/mediocudeyo.es\/web\/wp-json\/wp\/v2\/categories?post=21777"},{"taxonomy":"post_tag","embeddable":true,"href":"https:\/\/mediocudeyo.es\/web\/wp-json\/wp\/v2\/tags?post=21777"}],"curies":[{"name":"wp","href":"https:\/\/api.w.org\/{rel}","templated":true}]}}