{"id":21806,"date":"2024-02-08T10:52:41","date_gmt":"2024-02-08T10:52:41","guid":{"rendered":"https:\/\/mediocudeyo.es\/web\/?p=21806"},"modified":"2024-02-07T18:14:20","modified_gmt":"2024-02-07T18:14:20","slug":"encuentro-con-autor-david-llinas-garcia","status":"publish","type":"post","link":"https:\/\/mediocudeyo.es\/web\/encuentro-con-autor-david-llinas-garcia\/","title":{"rendered":"Encuentro con autor: David Llin\u00e1s Garc\u00eda"},"content":{"rendered":"<div>\n<div class=\"xyinxu5 x4uap5 x1g2khh7 xkhd6sd\">\n<p><span class=\"x193iq5w xeuugli x13faqbe x1vvkbs x1xmvt09 x1lliihq x1s928wv xhkezso x1gmr53x x1cpjm7i x1fgarty x1943h6x xudqn12 x3x7a5m x6prxxf xvq8zen xo1l8bm xzsf02u\" dir=\"auto\">Una nueva tarde literaria nos espera en el Centro cultural el pr\u00f3ximo 29 de febrero <span class=\"x3nfvp2 x1j61x8r x1fcty0u xdj266r xhhsvwb xat24cr xgzva0m xxymvpz xlup9mm x1kky2od\"><img decoding=\"async\" class=\"xz74otr\" src=\"https:\/\/static.xx.fbcdn.net\/images\/emoji.php\/v9\/t7e\/1\/16\/1f4c5.png\" alt=\"\ud83d\udcc5\" width=\"16\" height=\"16\" \/><\/span><\/span><\/p>\n<p><span class=\"x3nfvp2 x1j61x8r x1fcty0u xdj266r xhhsvwb xat24cr xgzva0m xxymvpz xlup9mm x1kky2od\"><img decoding=\"async\" class=\"xz74otr\" src=\"https:\/\/static.xx.fbcdn.net\/images\/emoji.php\/v9\/t9e\/1\/16\/1f4d6.png\" alt=\"\ud83d\udcd6\" width=\"16\" height=\"16\" \/><\/span> El escritor, David Llin\u00e1s Garc\u00eda nos presentar\u00e1 su libro \u00abLa plegaria del \u00e1ngel\u00bb.<br \/>\nDavid, es un enamorado de la literatura y de la ciudad que le vio nacer. De ah\u00ed que el protagonista de esta novela se embarcar\u00e1 en un particular viaje por la ciudad de Madrid en el que se mezclar\u00e1n fantas\u00eda y realidad,se enfrentar\u00e1 a innumerables peligros y a secretos ancestrales, conocer\u00e1 la ambici\u00f3n, la codicia y el poder ilimitado de la venganza, pero tambi\u00e9n vivir\u00e1 experiencias extraordinarias de la mano de personajes singulares que dejar\u00e1n una honda huella en \u00e9l, que le marcar\u00e1n para siempre y que le ayudar\u00e1n a alcanzar su particular redenci\u00f3n.<\/p>\n<p><span class=\"x3nfvp2 x1j61x8r x1fcty0u xdj266r xhhsvwb xat24cr xgzva0m xxymvpz xlup9mm x1kky2od\"><img decoding=\"async\" class=\"xz74otr\" src=\"https:\/\/static.xx.fbcdn.net\/images\/emoji.php\/v9\/tff\/1\/16\/1f4c6.png\" alt=\"\ud83d\udcc6\" width=\"16\" height=\"16\" \/><\/span> Jueves 29 de febrero.<br \/>\n<span class=\"x3nfvp2 x1j61x8r x1fcty0u xdj266r xhhsvwb xat24cr xgzva0m xxymvpz xlup9mm x1kky2od\"><img loading=\"lazy\" decoding=\"async\" class=\"xz74otr\" src=\"https:\/\/static.xx.fbcdn.net\/images\/emoji.php\/v9\/t34\/1\/16\/23f0.png\" alt=\"\u23f0\" width=\"16\" height=\"16\" \/><\/span> 19:30 horas.<br \/>\n<span class=\"x3nfvp2 x1j61x8r x1fcty0u xdj266r xhhsvwb xat24cr xgzva0m xxymvpz xlup9mm x1kky2od\"><img loading=\"lazy\" decoding=\"async\" class=\"xz74otr\" src=\"https:\/\/static.xx.fbcdn.net\/images\/emoji.php\/v9\/t8e\/1\/16\/2139.png\" alt=\"\u2139\ufe0f\" width=\"16\" height=\"16\" \/><\/span> Entrada libre hasta completar aforo. Degustaci\u00f3n de caf\u00e9 para asistentes.<\/p>\n<p><span class=\"x3nfvp2 x1j61x8r x1fcty0u xdj266r xhhsvwb xat24cr xgzva0m xxymvpz xlup9mm x1kky2od\"><img loading=\"lazy\" decoding=\"async\" class=\"xz74otr\" src=\"https:\/\/static.xx.fbcdn.net\/images\/emoji.php\/v9\/t8e\/1\/16\/2139.png\" alt=\"\u2139\ufe0f\" width=\"16\" height=\"16\" \/><\/span> M\u00e1s informaci\u00f3n:<br \/>\n<span class=\"x3nfvp2 x1j61x8r x1fcty0u xdj266r xhhsvwb xat24cr xgzva0m xxymvpz xlup9mm x1kky2od\"><img loading=\"lazy\" decoding=\"async\" class=\"xz74otr\" src=\"https:\/\/static.xx.fbcdn.net\/images\/emoji.php\/v9\/te5\/1\/16\/1f492.png\" alt=\"\ud83d\udc92\" width=\"16\" height=\"16\" \/><\/span> Centro Cultural Ram\u00f3n Pelayo (Solares)<br \/>\n<span class=\"x3nfvp2 x1j61x8r x1fcty0u xdj266r xhhsvwb xat24cr xgzva0m xxymvpz xlup9mm x1kky2od\"><img loading=\"lazy\" decoding=\"async\" class=\"xz74otr\" src=\"https:\/\/static.xx.fbcdn.net\/images\/emoji.php\/v9\/t22\/1\/16\/260e.png\" alt=\"\u260e\" width=\"16\" height=\"16\" \/><\/span> 942 52 26 85 (Tambi\u00e9n por WhatsApp al mismo n\u00famero)<br \/>\n<span class=\"x3nfvp2 x1j61x8r x1fcty0u xdj266r xhhsvwb xat24cr xgzva0m xxymvpz xlup9mm x1kky2od\"><img loading=\"lazy\" decoding=\"async\" class=\"xz74otr\" src=\"https:\/\/static.xx.fbcdn.net\/images\/emoji.php\/v9\/tbe\/1\/16\/1f4e7.png\" alt=\"\ud83d\udce7\" width=\"16\" height=\"16\" \/><\/span> centrocultural@mediocudeyo.es<\/p>\n<p>&nbsp;<\/p>\n<div class=\"x1i10hfl xjbqb8w x1ejq31n xd10rxx x1sy0etr x17r0tee x972fbf xcfux6l x1qhh985 xm0m39n x9f619 x1ypdohk xt0psk2 xe8uvvx xdj266r x11i5rnm xat24cr x1mh8g0r xexx8yu x4uap5 x18d9i69 xkhd6sd x16tdsg8 x1hl2dhg xggy1nq x1a2a7pz xt0b8zv xzsf02u x1s688f\" role=\"button\">Ver menos<\/div>\n<\/div>\n<\/div>\n<div class=\"x78zum5\">\n<div class=\"x3nfvp2\"><img loading=\"lazy\" decoding=\"async\" class=\"alignnone size-medium wp-image-21807\" src=\"https:\/\/mediocudeyo.es\/web\/wp-content\/uploads\/2024\/02\/ENCUENTRO-CON-AUTOR.-29-feb-CARTEL-JPG-300x212.jpg\" alt=\"\" width=\"300\" height=\"212\" srcset=\"https:\/\/mediocudeyo.es\/web\/wp-content\/uploads\/2024\/02\/ENCUENTRO-CON-AUTOR.-29-feb-CARTEL-JPG-300x212.jpg 300w, https:\/\/mediocudeyo.es\/web\/wp-content\/uploads\/2024\/02\/ENCUENTRO-CON-AUTOR.-29-feb-CARTEL-JPG-1024x724.jpg 1024w, https:\/\/mediocudeyo.es\/web\/wp-content\/uploads\/2024\/02\/ENCUENTRO-CON-AUTOR.-29-feb-CARTEL-JPG-768x543.jpg 768w, https:\/\/mediocudeyo.es\/web\/wp-content\/uploads\/2024\/02\/ENCUENTRO-CON-AUTOR.-29-feb-CARTEL-JPG-1536x1086.jpg 1536w, https:\/\/mediocudeyo.es\/web\/wp-content\/uploads\/2024\/02\/ENCUENTRO-CON-AUTOR.-29-feb-CARTEL-JPG-2048x1448.jpg 2048w\" sizes=\"(max-width: 300px) 100vw, 300px\" \/><\/div>\n<\/div>\n","protected":false},"excerpt":{"rendered":"<p>Una nueva tarde literaria nos espera en el Centro cultural el pr\u00f3ximo 29 de febrero El escritor, David Llin\u00e1s Garc\u00eda nos presentar\u00e1 su libro \u00abLa plegaria del \u00e1ngel\u00bb. David, es [&hellip;]<\/p>\n","protected":false},"author":4,"featured_media":21807,"comment_status":"closed","ping_status":"closed","sticky":false,"template":"","format":"standard","meta":{"footnotes":""},"categories":[35,37,59],"tags":[84,104,680],"class_list":["post-21806","post","type-post","status-publish","format-standard","has-post-thumbnail","hentry","category-biblioteca","category-centro-cultural","category-cultura","tag-biblioteca","tag-centro-cultural","tag-encuentros-literarios"],"_links":{"self":[{"href":"https:\/\/mediocudeyo.es\/web\/wp-json\/wp\/v2\/posts\/21806"}],"collection":[{"href":"https:\/\/mediocudeyo.es\/web\/wp-json\/wp\/v2\/posts"}],"about":[{"href":"https:\/\/mediocudeyo.es\/web\/wp-json\/wp\/v2\/types\/post"}],"author":[{"embeddable":true,"href":"https:\/\/mediocudeyo.es\/web\/wp-json\/wp\/v2\/users\/4"}],"replies":[{"embeddable":true,"href":"https:\/\/mediocudeyo.es\/web\/wp-json\/wp\/v2\/comments?post=21806"}],"version-history":[{"count":3,"href":"https:\/\/mediocudeyo.es\/web\/wp-json\/wp\/v2\/posts\/21806\/revisions"}],"predecessor-version":[{"id":21817,"href":"https:\/\/mediocudeyo.es\/web\/wp-json\/wp\/v2\/posts\/21806\/revisions\/21817"}],"wp:featuredmedia":[{"embeddable":true,"href":"https:\/\/mediocudeyo.es\/web\/wp-json\/wp\/v2\/media\/21807"}],"wp:attachment":[{"href":"https:\/\/mediocudeyo.es\/web\/wp-json\/wp\/v2\/media?parent=21806"}],"wp:term":[{"taxonomy":"category","embeddable":true,"href":"https:\/\/mediocudeyo.es\/web\/wp-json\/wp\/v2\/categories?post=21806"},{"taxonomy":"post_tag","embeddable":true,"href":"https:\/\/mediocudeyo.es\/web\/wp-json\/wp\/v2\/tags?post=21806"}],"curies":[{"name":"wp","href":"https:\/\/api.w.org\/{rel}","templated":true}]}}