{"id":21908,"date":"2024-02-20T15:20:49","date_gmt":"2024-02-20T15:20:49","guid":{"rendered":"https:\/\/mediocudeyo.es\/web\/?p=21908"},"modified":"2024-02-26T08:03:47","modified_gmt":"2024-02-26T08:03:47","slug":"taller-de-musica-y-movimiento-marzo","status":"publish","type":"post","link":"https:\/\/mediocudeyo.es\/web\/taller-de-musica-y-movimiento-marzo\/","title":{"rendered":"Taller de M\u00fasica y Movimiento &#8211; Marzo"},"content":{"rendered":"<p>\u00a1En el Centro Cultural nos encanta divertirnos! Por eso en marzo os traemos un nuevo taller de m\u00fasica y movimiento para ni\u00f1os\/as de 6 a 12 a\u00f1os. <span data-offset-key=\"9ftv8-0-0\">\ud83e\udd73<\/span><\/p>\n<p>P\u00e1satelo en grande construyendo instrumentos musicales, con juegos r\u00edtmicos y actividades musicales. <span class=\"x1xsqp64 xiy17q3 x1o6pynw x19co3pv xdj266r xcwd3tp xat24cr x39eecv x2b8uid\" data-testid=\"emoji\"><span class=\"xexx8yu xn5pp95 x18d9i69 x2fxd7x x1yqt14a x1bhl96m\">\ud83d\udc83<\/span><\/span><span class=\"x1xsqp64 xiy17q3 x1o6pynw x19co3pv xdj266r xcwd3tp xat24cr x39eecv x2b8uid\" data-testid=\"emoji\"><span class=\"xexx8yu xn5pp95 x18d9i69 x2fxd7x x1yqt14a x1bhl96m\">\ud83d\udca5<\/span><\/span><span class=\"x1xsqp64 xiy17q3 x1o6pynw x19co3pv xdj266r xcwd3tp xat24cr x39eecv x2b8uid\" data-testid=\"emoji\"><span class=\"xexx8yu xn5pp95 x18d9i69 x2fxd7x x1yqt14a x1bhl96m\">\ud83c\udfbc<\/span><\/span><span class=\"x1xsqp64 xiy17q3 x1o6pynw x19co3pv xdj266r xcwd3tp xat24cr x39eecv x2b8uid\" data-testid=\"emoji\"><span class=\"xexx8yu xn5pp95 x18d9i69 x2fxd7x x1yqt14a x1bhl96m\">\ud83c\udfb9<\/span><\/span><span class=\"x1xsqp64 xiy17q3 x1o6pynw x19co3pv xdj266r xcwd3tp xat24cr x39eecv x2b8uid\" data-testid=\"emoji\"><span class=\"xexx8yu xn5pp95 x18d9i69 x2fxd7x x1yqt14a x1bhl96m\">\ud83c\udfb8<\/span><\/span><\/p>\n<p><img fetchpriority=\"high\" decoding=\"async\" class=\"alignnone size-medium wp-image-21909\" src=\"https:\/\/mediocudeyo.es\/web\/wp-content\/uploads\/2024\/02\/TALLER-MUSICA-MOVIMIENTO.-6-y-13-marzo-CARTEL-JPG-212x300.jpg\" alt=\"\" width=\"212\" height=\"300\" srcset=\"https:\/\/mediocudeyo.es\/web\/wp-content\/uploads\/2024\/02\/TALLER-MUSICA-MOVIMIENTO.-6-y-13-marzo-CARTEL-JPG-212x300.jpg 212w, https:\/\/mediocudeyo.es\/web\/wp-content\/uploads\/2024\/02\/TALLER-MUSICA-MOVIMIENTO.-6-y-13-marzo-CARTEL-JPG-724x1024.jpg 724w, https:\/\/mediocudeyo.es\/web\/wp-content\/uploads\/2024\/02\/TALLER-MUSICA-MOVIMIENTO.-6-y-13-marzo-CARTEL-JPG-768x1086.jpg 768w, https:\/\/mediocudeyo.es\/web\/wp-content\/uploads\/2024\/02\/TALLER-MUSICA-MOVIMIENTO.-6-y-13-marzo-CARTEL-JPG-1086x1536.jpg 1086w, https:\/\/mediocudeyo.es\/web\/wp-content\/uploads\/2024\/02\/TALLER-MUSICA-MOVIMIENTO.-6-y-13-marzo-CARTEL-JPG-1448x2048.jpg 1448w, https:\/\/mediocudeyo.es\/web\/wp-content\/uploads\/2024\/02\/TALLER-MUSICA-MOVIMIENTO.-6-y-13-marzo-CARTEL-JPG.jpg 1587w\" sizes=\"(max-width: 212px) 100vw, 212px\" \/><\/p>\n<p>Se podr\u00e1n apuntar a las dos fechas, pero se priorizar\u00e1 a aquellos ni\u00f1@s que puedan estar en al menos una sesi\u00f3n.<\/p>\n<div class=\"\" data-block=\"true\" data-editor=\"bb11q\" data-offset-key=\"btsgk-0-0\">\n<div class=\"_1mf _1mj\" data-offset-key=\"btsgk-0-0\"><span data-offset-key=\"btsgk-0-0\">\ud83d\udcc5 Mi\u00e9rcoles 6 y 13 de marzo.<\/span><\/div>\n<\/div>\n<div class=\"\" data-block=\"true\" data-editor=\"bb11q\" data-offset-key=\"dsbgd-0-0\">\n<div class=\"_1mf _1mj\" data-offset-key=\"dsbgd-0-0\"><span data-offset-key=\"dsbgd-0-0\">\u27a1 De 18:15 a 19:15.<\/span><\/div>\n<\/div>\n<div class=\"\" data-block=\"true\" data-editor=\"bb11q\" data-offset-key=\"ag8kc-0-0\">\n<div class=\"_1mf _1mj\" data-offset-key=\"ag8kc-0-0\"><span data-offset-key=\"ag8kc-0-0\">\u2139\ufe0f Actividad GRATUITA. Plazas limitadas.<\/span><\/div>\n<\/div>\n<div class=\"\" data-block=\"true\" data-editor=\"bb11q\" data-offset-key=\"biemu-0-0\">\n<div class=\"_1mf _1mj\" data-offset-key=\"biemu-0-0\"><span data-offset-key=\"biemu-0-0\">\u00a0<\/span><\/div>\n<\/div>\n<div class=\"\" data-block=\"true\" data-editor=\"bb11q\" data-offset-key=\"90tgf-0-0\">\n<div class=\"_1mf _1mj\" data-offset-key=\"90tgf-0-0\"><span data-offset-key=\"90tgf-0-0\">\ud83d\udd39 El d\u00eda previo a la actividad se llamar\u00e1 a las personas que hayan obtenido plaza.<\/span><\/div>\n<\/div>\n<div class=\"\" data-block=\"true\" data-editor=\"bb11q\" data-offset-key=\"8rl3b-0-0\">\n<div class=\"_1mf _1mj\" data-offset-key=\"8rl3b-0-0\"><span data-offset-key=\"8rl3b-0-0\">\u00a0<\/span><\/div>\n<\/div>\n<div class=\"\" data-block=\"true\" data-editor=\"bb11q\" data-offset-key=\"5al5p-0-0\">\n<div class=\"_1mf _1mj\" data-offset-key=\"5al5p-0-0\"><span data-offset-key=\"5al5p-0-0\">\u27a1\ufe0f Imprescindible inscribirse:<\/span><\/div>\n<\/div>\n<div class=\"\" data-block=\"true\" data-editor=\"bb11q\" data-offset-key=\"8i6j3-0-0\">\n<div class=\"_1mf _1mj\" data-offset-key=\"8i6j3-0-0\"><span data-offset-key=\"8i6j3-0-0\">\u260e 942 52 26 85 (Tambi\u00e9n por WhatsApp al mismo n\u00famero)<\/span><\/div>\n<\/div>\n<div class=\"\" data-block=\"true\" data-editor=\"bb11q\" data-offset-key=\"a73g4-0-0\">\n<div class=\"_1mf _1mj\" data-offset-key=\"a73g4-0-0\"><span data-offset-key=\"a73g4-0-0\">\ud83d\udce7Centrocultural@mediocudeyo.es<\/span><\/div>\n<\/div>\n","protected":false},"excerpt":{"rendered":"<p>\u00a1En el Centro Cultural nos encanta divertirnos! Por eso en marzo os traemos un nuevo taller de m\u00fasica y movimiento para ni\u00f1os\/as de 6 a 12 a\u00f1os. \ud83e\udd73 P\u00e1satelo en [&hellip;]<\/p>\n","protected":false},"author":4,"featured_media":21909,"comment_status":"closed","ping_status":"closed","sticky":false,"template":"","format":"standard","meta":{"footnotes":""},"categories":[37,48,49],"tags":[58,709,160,66],"class_list":["post-21908","post","type-post","status-publish","format-standard","has-post-thumbnail","hentry","category-centro-cultural","category-infantil","category-juventud","tag-centro-cultural-ramon-pelayo","tag-movimiento","tag-musica","tag-talleres"],"_links":{"self":[{"href":"https:\/\/mediocudeyo.es\/web\/wp-json\/wp\/v2\/posts\/21908"}],"collection":[{"href":"https:\/\/mediocudeyo.es\/web\/wp-json\/wp\/v2\/posts"}],"about":[{"href":"https:\/\/mediocudeyo.es\/web\/wp-json\/wp\/v2\/types\/post"}],"author":[{"embeddable":true,"href":"https:\/\/mediocudeyo.es\/web\/wp-json\/wp\/v2\/users\/4"}],"replies":[{"embeddable":true,"href":"https:\/\/mediocudeyo.es\/web\/wp-json\/wp\/v2\/comments?post=21908"}],"version-history":[{"count":3,"href":"https:\/\/mediocudeyo.es\/web\/wp-json\/wp\/v2\/posts\/21908\/revisions"}],"predecessor-version":[{"id":21931,"href":"https:\/\/mediocudeyo.es\/web\/wp-json\/wp\/v2\/posts\/21908\/revisions\/21931"}],"wp:featuredmedia":[{"embeddable":true,"href":"https:\/\/mediocudeyo.es\/web\/wp-json\/wp\/v2\/media\/21909"}],"wp:attachment":[{"href":"https:\/\/mediocudeyo.es\/web\/wp-json\/wp\/v2\/media?parent=21908"}],"wp:term":[{"taxonomy":"category","embeddable":true,"href":"https:\/\/mediocudeyo.es\/web\/wp-json\/wp\/v2\/categories?post=21908"},{"taxonomy":"post_tag","embeddable":true,"href":"https:\/\/mediocudeyo.es\/web\/wp-json\/wp\/v2\/tags?post=21908"}],"curies":[{"name":"wp","href":"https:\/\/api.w.org\/{rel}","templated":true}]}}