{"id":21980,"date":"2024-03-05T13:51:28","date_gmt":"2024-03-05T13:51:28","guid":{"rendered":"https:\/\/mediocudeyo.es\/web\/?p=21980"},"modified":"2024-03-05T13:51:28","modified_gmt":"2024-03-05T13:51:28","slug":"cuentacuentos-8m-cuentos-color-violeta","status":"publish","type":"post","link":"https:\/\/mediocudeyo.es\/web\/cuentacuentos-8m-cuentos-color-violeta\/","title":{"rendered":"Cuentacuentos 8M \u00abCuentos color violeta\u00bb"},"content":{"rendered":"<div class=\"\" data-block=\"true\" data-editor=\"c825h\" data-offset-key=\"1d4b-0-0\">\n<div class=\"_1mf _1mj\" data-offset-key=\"1d4b-0-0\"><span data-offset-key=\"1d4b-0-0\">\ud83d\udc9c\ud83d\udcc6S\u00e1bado 9 de marzo:<\/span><\/div>\n<\/div>\n<div class=\"\" data-block=\"true\" data-editor=\"c825h\" data-offset-key=\"2to0t-0-0\">\n<div class=\"_1mf _1mj\" data-offset-key=\"2to0t-0-0\"><span data-offset-key=\"2to0t-0-0\">\ud83d\udc9c\ud83d\udd50 18:00 h. CUENTACUENTOS \u00abCuentos color violeta\u00bb con Elisabet Matin.<\/span><\/div>\n<\/div>\n<div class=\"\" data-block=\"true\" data-editor=\"c825h\" data-offset-key=\"cfmsv-0-0\">\n<div class=\"_1mf _1mj\" data-offset-key=\"cfmsv-0-0\"><span data-offset-key=\"cfmsv-0-0\">\u00a0<\/span><\/div>\n<\/div>\n<div class=\"\" data-block=\"true\" data-editor=\"c825h\" data-offset-key=\"4ggum-0-0\">\n<div class=\"_1mf _1mj\" data-offset-key=\"4ggum-0-0\"><span data-offset-key=\"4ggum-0-0\">Elisabet Martin es una actriz avilesina con m\u00e1s de 15 a\u00f1os de experiencia como cuentacuentos y realizando animaciones y espect\u00e1culos teatrales que recaba en el centro cultural para traernos cuentos que nos ense\u00f1an a ser un@ mism@ y a no abandonar nuestros sue\u00f1os, cuentos para crecer <\/span><\/div>\n<\/div>\n<div class=\"\" data-block=\"true\" data-editor=\"c825h\" data-offset-key=\"dboqo-0-0\">\n<div class=\"_1mf _1mj\" data-offset-key=\"dboqo-0-0\"><span data-offset-key=\"dboqo-0-0\">y disfrutar de la alegr\u00eda y la bondad.<\/span><\/div>\n<\/div>\n<div class=\"\" data-block=\"true\" data-editor=\"c825h\" data-offset-key=\"1tv48-0-0\">\n<div class=\"_1mf _1mj\" data-offset-key=\"1tv48-0-0\"><span data-offset-key=\"1tv48-0-0\">\u00a0<\/span><\/div>\n<\/div>\n<div class=\"\" data-block=\"true\" data-editor=\"c825h\" data-offset-key=\"84av2-0-0\">\n<div class=\"_1mf _1mj\" data-offset-key=\"84av2-0-0\"><span data-offset-key=\"84av2-0-0\">\u00a1No te la pierdas! <\/span><\/div>\n<\/div>\n<div class=\"\" data-block=\"true\" data-editor=\"c825h\" data-offset-key=\"2q8la-0-0\">\n<div class=\"_1mf _1mj\" data-offset-key=\"2q8la-0-0\"><span data-offset-key=\"2q8la-0-0\">\u00a0<\/span><\/div>\n<\/div>\n<div class=\"\" data-block=\"true\" data-editor=\"c825h\" data-offset-key=\"c4g7k-0-0\">\n<div class=\"_1mf _1mj\" data-offset-key=\"c4g7k-0-0\"><span data-offset-key=\"c4g7k-0-0\">\u2b50Entrada libre hasta completar aforo<\/span><\/div>\n<\/div>\n<div class=\"_1mf _1mj\" data-offset-key=\"2kaps-0-0\"><span data-offset-key=\"2kaps-0-0\">\u00a0<\/span><\/div>\n<div data-offset-key=\"2kaps-0-0\"><img fetchpriority=\"high\" decoding=\"async\" class=\"alignnone size-medium wp-image-21981\" src=\"https:\/\/mediocudeyo.es\/web\/wp-content\/uploads\/2024\/03\/8M-Cuentacuentos-9-marzo-CARTEL-JPG-212x300.jpg\" alt=\"\" width=\"212\" height=\"300\" srcset=\"https:\/\/mediocudeyo.es\/web\/wp-content\/uploads\/2024\/03\/8M-Cuentacuentos-9-marzo-CARTEL-JPG-212x300.jpg 212w, https:\/\/mediocudeyo.es\/web\/wp-content\/uploads\/2024\/03\/8M-Cuentacuentos-9-marzo-CARTEL-JPG-724x1024.jpg 724w, https:\/\/mediocudeyo.es\/web\/wp-content\/uploads\/2024\/03\/8M-Cuentacuentos-9-marzo-CARTEL-JPG-768x1086.jpg 768w, https:\/\/mediocudeyo.es\/web\/wp-content\/uploads\/2024\/03\/8M-Cuentacuentos-9-marzo-CARTEL-JPG-1086x1536.jpg 1086w, https:\/\/mediocudeyo.es\/web\/wp-content\/uploads\/2024\/03\/8M-Cuentacuentos-9-marzo-CARTEL-JPG-1448x2048.jpg 1448w, https:\/\/mediocudeyo.es\/web\/wp-content\/uploads\/2024\/03\/8M-Cuentacuentos-9-marzo-CARTEL-JPG.jpg 1587w\" sizes=\"(max-width: 212px) 100vw, 212px\" \/><\/div>\n<div data-offset-key=\"2kaps-0-0\"><\/div>\n<div class=\"\" data-block=\"true\" data-editor=\"c825h\" data-offset-key=\"br0t9-0-0\">\n<div class=\"_1mf _1mj\" data-offset-key=\"br0t9-0-0\"><span data-offset-key=\"br0t9-0-0\">\ud83d\udd35M\u00e1s informaci\u00f3n:<\/span><\/div>\n<\/div>\n<div class=\"\" data-block=\"true\" data-editor=\"c825h\" data-offset-key=\"epfn3-0-0\">\n<div class=\"_1mf _1mj\" data-offset-key=\"epfn3-0-0\"><span data-offset-key=\"epfn3-0-0\">\ud83d\udc92 Centro Cultural Ram\u00f3n Pelayo (Solares)<\/span><\/div>\n<\/div>\n<div class=\"\" data-block=\"true\" data-editor=\"c825h\" data-offset-key=\"3oror-0-0\">\n<div class=\"_1mf _1mj\" data-offset-key=\"3oror-0-0\"><span data-offset-key=\"3oror-0-0\">\u260e 942 52 26 85 (\u00f3 WhatsApp al mismo n\u00famero)<\/span><\/div>\n<\/div>\n<div class=\"\" data-block=\"true\" data-editor=\"c825h\" data-offset-key=\"2gk6v-0-0\">\n<div class=\"_1mf _1mj\" data-offset-key=\"2gk6v-0-0\"><span data-offset-key=\"2gk6v-0-0\">\ud83d\udce7 centrocultural@mediocudeyo.es<\/span><\/div>\n<\/div>\n","protected":false},"excerpt":{"rendered":"<p>\ud83d\udc9c\ud83d\udcc6S\u00e1bado 9 de marzo: \ud83d\udc9c\ud83d\udd50 18:00 h. CUENTACUENTOS \u00abCuentos color violeta\u00bb con Elisabet Matin. \u00a0 Elisabet Martin es una actriz avilesina con m\u00e1s de 15 a\u00f1os de experiencia como cuentacuentos [&hellip;]<\/p>\n","protected":false},"author":4,"featured_media":21981,"comment_status":"closed","ping_status":"closed","sticky":false,"template":"","format":"standard","meta":{"footnotes":""},"categories":[37],"tags":[441,104,249],"class_list":["post-21980","post","type-post","status-publish","format-standard","has-post-thumbnail","hentry","category-centro-cultural","tag-8m","tag-centro-cultural","tag-cuentacuentos"],"_links":{"self":[{"href":"https:\/\/mediocudeyo.es\/web\/wp-json\/wp\/v2\/posts\/21980"}],"collection":[{"href":"https:\/\/mediocudeyo.es\/web\/wp-json\/wp\/v2\/posts"}],"about":[{"href":"https:\/\/mediocudeyo.es\/web\/wp-json\/wp\/v2\/types\/post"}],"author":[{"embeddable":true,"href":"https:\/\/mediocudeyo.es\/web\/wp-json\/wp\/v2\/users\/4"}],"replies":[{"embeddable":true,"href":"https:\/\/mediocudeyo.es\/web\/wp-json\/wp\/v2\/comments?post=21980"}],"version-history":[{"count":2,"href":"https:\/\/mediocudeyo.es\/web\/wp-json\/wp\/v2\/posts\/21980\/revisions"}],"predecessor-version":[{"id":21983,"href":"https:\/\/mediocudeyo.es\/web\/wp-json\/wp\/v2\/posts\/21980\/revisions\/21983"}],"wp:featuredmedia":[{"embeddable":true,"href":"https:\/\/mediocudeyo.es\/web\/wp-json\/wp\/v2\/media\/21981"}],"wp:attachment":[{"href":"https:\/\/mediocudeyo.es\/web\/wp-json\/wp\/v2\/media?parent=21980"}],"wp:term":[{"taxonomy":"category","embeddable":true,"href":"https:\/\/mediocudeyo.es\/web\/wp-json\/wp\/v2\/categories?post=21980"},{"taxonomy":"post_tag","embeddable":true,"href":"https:\/\/mediocudeyo.es\/web\/wp-json\/wp\/v2\/tags?post=21980"}],"curies":[{"name":"wp","href":"https:\/\/api.w.org\/{rel}","templated":true}]}}