{"id":21984,"date":"2024-03-07T10:00:10","date_gmt":"2024-03-07T10:00:10","guid":{"rendered":"https:\/\/mediocudeyo.es\/web\/?p=21984"},"modified":"2024-03-06T17:38:40","modified_gmt":"2024-03-06T17:38:40","slug":"filmoteca-regional-my-mexican-bretzel-de-nuria-gimenez-lorang","status":"publish","type":"post","link":"https:\/\/mediocudeyo.es\/web\/filmoteca-regional-my-mexican-bretzel-de-nuria-gimenez-lorang\/","title":{"rendered":"Filmoteca Regional: \u00abMy Mexican Bretzel\u00bb de Nuria Gim\u00e9nez Lorang."},"content":{"rendered":"<p>Esta semana disfrutaremos en el Centro Cultural, de la mano de la Filmoteca Regional, de: \u00abMy Mexican Bretzel\u00bb de\u00a0Nuria Gim\u00e9nez Lorang (Espa\u00f1a).<\/p>\n<p><span class=\"x3nfvp2 x1j61x8r x1fcty0u xdj266r xhhsvwb xat24cr xgzva0m xxymvpz xlup9mm x1kky2od\"><img decoding=\"async\" class=\"xz74otr\" src=\"https:\/\/static.xx.fbcdn.net\/images\/emoji.php\/v9\/t40\/1\/16\/25b6.png\" alt=\"\u25b6\ufe0f\" width=\"16\" height=\"16\" \/><\/span> <strong>Sinopsis<\/strong>: Diario \u00edntimo de una mujer de clase acomodada, Vivian Barrett, ilustrado por las filmaciones caseras de su marido Le\u00f3n, un rico industrial, entre los a\u00f1os 40 y 60 del siglo pasado. La pel\u00edcula es tambi\u00e9n un melodrama cl\u00e1sico a lo Douglas Sirk o Todd Haynes, con los sentimientos a flor de piel. Un viaje en volandas a trav\u00e9s de la vieja Europa. Un ensue\u00f1o rom\u00e1ntico.<\/p>\n<p><img fetchpriority=\"high\" decoding=\"async\" class=\"alignnone size-medium wp-image-21985\" src=\"https:\/\/mediocudeyo.es\/web\/wp-content\/uploads\/2024\/03\/Domingo-10-de-marzo-300x300.jpg\" alt=\"\" width=\"300\" height=\"300\" srcset=\"https:\/\/mediocudeyo.es\/web\/wp-content\/uploads\/2024\/03\/Domingo-10-de-marzo-300x300.jpg 300w, https:\/\/mediocudeyo.es\/web\/wp-content\/uploads\/2024\/03\/Domingo-10-de-marzo-1024x1024.jpg 1024w, https:\/\/mediocudeyo.es\/web\/wp-content\/uploads\/2024\/03\/Domingo-10-de-marzo-150x150.jpg 150w, https:\/\/mediocudeyo.es\/web\/wp-content\/uploads\/2024\/03\/Domingo-10-de-marzo-768x768.jpg 768w, https:\/\/mediocudeyo.es\/web\/wp-content\/uploads\/2024\/03\/Domingo-10-de-marzo-450x450.jpg 450w, https:\/\/mediocudeyo.es\/web\/wp-content\/uploads\/2024\/03\/Domingo-10-de-marzo-106x106.jpg 106w, https:\/\/mediocudeyo.es\/web\/wp-content\/uploads\/2024\/03\/Domingo-10-de-marzo-560x560.jpg 560w, https:\/\/mediocudeyo.es\/web\/wp-content\/uploads\/2024\/03\/Domingo-10-de-marzo-70x70.jpg 70w, https:\/\/mediocudeyo.es\/web\/wp-content\/uploads\/2024\/03\/Domingo-10-de-marzo.jpg 1080w\" sizes=\"(max-width: 300px) 100vw, 300px\" \/><\/p>\n<p><span class=\"x3nfvp2 x1j61x8r x1fcty0u xdj266r xhhsvwb xat24cr xgzva0m xxymvpz xlup9mm x1kky2od\"><img decoding=\"async\" class=\"xz74otr\" src=\"https:\/\/static.xx.fbcdn.net\/images\/emoji.php\/v9\/t40\/1\/16\/25b6.png\" alt=\"\u25b6\ufe0f\" width=\"16\" height=\"16\" \/><\/span> <strong>Tr\u00e1iler:<\/strong><\/p>\n<p><iframe title=\"My Mexican Bretzel | Tr\u00e1iler oficial | Avalon\" width=\"500\" height=\"281\" src=\"https:\/\/www.youtube.com\/embed\/n5uLZxcsX84?feature=oembed\" frameborder=\"0\" allow=\"accelerometer; autoplay; clipboard-write; encrypted-media; gyroscope; picture-in-picture; web-share\" referrerpolicy=\"strict-origin-when-cross-origin\" allowfullscreen><\/iframe><\/p>\n<div class=\"x11i5rnm xat24cr x1mh8g0r x1vvkbs xtlvy1s x126k92a\">\n<div dir=\"auto\"><span class=\"x3nfvp2 x1j61x8r x1fcty0u xdj266r xhhsvwb xat24cr xgzva0m xxymvpz xlup9mm x1kky2od\"><img decoding=\"async\" class=\"xz74otr\" src=\"https:\/\/static.xx.fbcdn.net\/images\/emoji.php\/v9\/t7e\/1\/16\/1f4c5.png\" alt=\"\ud83d\udcc5\" width=\"16\" height=\"16\" \/><\/span> Domingo 10 de marzo <span class=\"x3nfvp2 x1j61x8r x1fcty0u xdj266r xhhsvwb xat24cr xgzva0m xxymvpz xlup9mm x1kky2od\"><img loading=\"lazy\" decoding=\"async\" class=\"xz74otr\" src=\"https:\/\/static.xx.fbcdn.net\/images\/emoji.php\/v9\/t34\/1\/16\/23f0.png\" alt=\"\u23f0\" width=\"16\" height=\"16\" \/><\/span> 19:30 h.<\/div>\n<div dir=\"auto\"><span class=\"x3nfvp2 x1j61x8r x1fcty0u xdj266r xhhsvwb xat24cr xgzva0m xxymvpz xlup9mm x1kky2od\"><img loading=\"lazy\" decoding=\"async\" class=\"xz74otr\" src=\"https:\/\/static.xx.fbcdn.net\/images\/emoji.php\/v9\/tdf\/1\/16\/1f4b5.png\" alt=\"\ud83d\udcb5\" width=\"16\" height=\"16\" \/><\/span> Entrada: 1,5\u20ac \u2013 venta directa en taquilla desde media hora antes.<\/div>\n<\/div>\n<div class=\"x11i5rnm xat24cr x1mh8g0r x1vvkbs xtlvy1s x126k92a\">\n<div dir=\"auto\"><span class=\"x1xsqp64 xiy17q3 x1o6pynw x19co3pv xdj266r xcwd3tp xat24cr x39eecv x2b8uid\" data-testid=\"emoji\"><span class=\"xexx8yu xn5pp95 x18d9i69 x2fxd7x x1yqt14a x1bhl96m\">\ud83d\udd35<\/span><\/span>M\u00e1s informaci\u00f3n:<\/div>\n<div dir=\"auto\"><span class=\"x3nfvp2 x1j61x8r x1fcty0u xdj266r xhhsvwb xat24cr xgzva0m xxymvpz xlup9mm x1kky2od\"><img loading=\"lazy\" decoding=\"async\" class=\"xz74otr\" src=\"https:\/\/static.xx.fbcdn.net\/images\/emoji.php\/v9\/te5\/1\/16\/1f492.png\" alt=\"\ud83d\udc92\" width=\"16\" height=\"16\" \/><\/span> Centro Cultural Ram\u00f3n Pelayo (Solares)<\/div>\n<div dir=\"auto\"><span class=\"x3nfvp2 x1j61x8r x1fcty0u xdj266r xhhsvwb xat24cr xgzva0m xxymvpz xlup9mm x1kky2od\"><img loading=\"lazy\" decoding=\"async\" class=\"xz74otr\" src=\"https:\/\/static.xx.fbcdn.net\/images\/emoji.php\/v9\/t22\/1\/16\/260e.png\" alt=\"\u260e\" width=\"16\" height=\"16\" \/><\/span> 942 52 26 85 (\u00f3 WhatsApp al mismo n\u00famero)<\/div>\n<div dir=\"auto\"><span class=\"x3nfvp2 x1j61x8r x1fcty0u xdj266r xhhsvwb xat24cr xgzva0m xxymvpz xlup9mm x1kky2od\"><img loading=\"lazy\" decoding=\"async\" class=\"xz74otr\" src=\"https:\/\/static.xx.fbcdn.net\/images\/emoji.php\/v9\/tbe\/1\/16\/1f4e7.png\" alt=\"\ud83d\udce7\" width=\"16\" height=\"16\" \/><\/span> centrocultural@mediocudeyo.es<\/div>\n<\/div>\n","protected":false},"excerpt":{"rendered":"<p>Esta semana disfrutaremos en el Centro Cultural, de la mano de la Filmoteca Regional, de: \u00abMy Mexican Bretzel\u00bb de\u00a0Nuria Gim\u00e9nez Lorang (Espa\u00f1a). Sinopsis: Diario \u00edntimo de una mujer de clase [&hellip;]<\/p>\n","protected":false},"author":4,"featured_media":21985,"comment_status":"closed","ping_status":"closed","sticky":false,"template":"","format":"standard","meta":{"footnotes":""},"categories":[37,59,43],"tags":[58,116,117,105],"class_list":["post-21984","post","type-post","status-publish","format-standard","has-post-thumbnail","hentry","category-centro-cultural","category-cultura","category-filmoteca","tag-centro-cultural-ramon-pelayo","tag-cine","tag-filmoteca","tag-filmoteca-regional"],"_links":{"self":[{"href":"https:\/\/mediocudeyo.es\/web\/wp-json\/wp\/v2\/posts\/21984"}],"collection":[{"href":"https:\/\/mediocudeyo.es\/web\/wp-json\/wp\/v2\/posts"}],"about":[{"href":"https:\/\/mediocudeyo.es\/web\/wp-json\/wp\/v2\/types\/post"}],"author":[{"embeddable":true,"href":"https:\/\/mediocudeyo.es\/web\/wp-json\/wp\/v2\/users\/4"}],"replies":[{"embeddable":true,"href":"https:\/\/mediocudeyo.es\/web\/wp-json\/wp\/v2\/comments?post=21984"}],"version-history":[{"count":1,"href":"https:\/\/mediocudeyo.es\/web\/wp-json\/wp\/v2\/posts\/21984\/revisions"}],"predecessor-version":[{"id":21986,"href":"https:\/\/mediocudeyo.es\/web\/wp-json\/wp\/v2\/posts\/21984\/revisions\/21986"}],"wp:featuredmedia":[{"embeddable":true,"href":"https:\/\/mediocudeyo.es\/web\/wp-json\/wp\/v2\/media\/21985"}],"wp:attachment":[{"href":"https:\/\/mediocudeyo.es\/web\/wp-json\/wp\/v2\/media?parent=21984"}],"wp:term":[{"taxonomy":"category","embeddable":true,"href":"https:\/\/mediocudeyo.es\/web\/wp-json\/wp\/v2\/categories?post=21984"},{"taxonomy":"post_tag","embeddable":true,"href":"https:\/\/mediocudeyo.es\/web\/wp-json\/wp\/v2\/tags?post=21984"}],"curies":[{"name":"wp","href":"https:\/\/api.w.org\/{rel}","templated":true}]}}