{"id":22036,"date":"2024-03-22T10:28:19","date_gmt":"2024-03-22T10:28:19","guid":{"rendered":"https:\/\/mediocudeyo.es\/web\/?p=22036"},"modified":"2024-03-22T10:28:19","modified_gmt":"2024-03-22T10:28:19","slug":"taller-de-musica-y-movimiento-abril","status":"publish","type":"post","link":"https:\/\/mediocudeyo.es\/web\/taller-de-musica-y-movimiento-abril\/","title":{"rendered":"Taller de M\u00fasica y Movimiento &#8211; Abril"},"content":{"rendered":"<div data-contents=\"true\">\n<div class=\"\" data-block=\"true\" data-editor=\"57vgu\" data-offset-key=\"fgs5c-0-0\">\n<div class=\"_1mf _1mj\" data-offset-key=\"fgs5c-0-0\"><span data-offset-key=\"fgs5c-0-0\">\u00a1En el Centro Cultural nos gusta mover el esqueleto! Por eso en abril os traemos una nueva edici\u00f3n del taller de m\u00fasica y movimiento para ni\u00f1os\/as de 6 a 12 a\u00f1os. \ud83e\udd73<\/span><\/div>\n<\/div>\n<div class=\"\" data-block=\"true\" data-editor=\"57vgu\" data-offset-key=\"7j2n4-0-0\">\n<div class=\"_1mf _1mj\" data-offset-key=\"7j2n4-0-0\"><span data-offset-key=\"7j2n4-0-0\">\u00a0<\/span><\/div>\n<\/div>\n<div class=\"\" data-block=\"true\" data-editor=\"57vgu\" data-offset-key=\"3he49-0-0\">\n<div class=\"_1mf _1mj\" data-offset-key=\"3he49-0-0\"><span data-offset-key=\"3he49-0-0\">P\u00e1satelo en grande construyendo instrumentos musicales, con juegos r\u00edtmicos y actividades musicales. \ud83d\udc83\ud83d\udca5\ud83c\udfbc\ud83c\udfb9\ud83c\udfb8<\/span><\/div>\n<\/div>\n<div class=\"\" data-block=\"true\" data-editor=\"57vgu\" data-offset-key=\"cj81k-0-0\">\n<div class=\"_1mf _1mj\" data-offset-key=\"cj81k-0-0\"><span data-offset-key=\"cj81k-0-0\">\u00a0<\/span><\/div>\n<\/div>\n<div class=\"\" data-block=\"true\" data-editor=\"57vgu\" data-offset-key=\"echjs-0-0\">\n<div class=\"_1mf _1mj\" data-offset-key=\"echjs-0-0\"><span data-offset-key=\"echjs-0-0\">En esta ocasi\u00f3n se podr\u00e1 realizar la preinscripci\u00f3n hasta el mismo d\u00eda de la actividad siempre y cuando queden plazas disponibles.<\/span><\/div>\n<\/div>\n<\/div>\n<div class=\"_1mf _1mj\" data-offset-key=\"g4rt-0-0\"><span data-offset-key=\"g4rt-0-0\">\u00a0<\/span><\/div>\n<div data-offset-key=\"g4rt-0-0\"><img fetchpriority=\"high\" decoding=\"async\" class=\"alignnone size-medium wp-image-22037\" src=\"https:\/\/mediocudeyo.es\/web\/wp-content\/uploads\/2024\/03\/MUSICA-Y-MOVIMIENTO-3-de-abril-CARTEL-JPG-212x300.jpg\" alt=\"\" width=\"212\" height=\"300\" srcset=\"https:\/\/mediocudeyo.es\/web\/wp-content\/uploads\/2024\/03\/MUSICA-Y-MOVIMIENTO-3-de-abril-CARTEL-JPG-212x300.jpg 212w, https:\/\/mediocudeyo.es\/web\/wp-content\/uploads\/2024\/03\/MUSICA-Y-MOVIMIENTO-3-de-abril-CARTEL-JPG-724x1024.jpg 724w, https:\/\/mediocudeyo.es\/web\/wp-content\/uploads\/2024\/03\/MUSICA-Y-MOVIMIENTO-3-de-abril-CARTEL-JPG-768x1086.jpg 768w, https:\/\/mediocudeyo.es\/web\/wp-content\/uploads\/2024\/03\/MUSICA-Y-MOVIMIENTO-3-de-abril-CARTEL-JPG-1086x1536.jpg 1086w, https:\/\/mediocudeyo.es\/web\/wp-content\/uploads\/2024\/03\/MUSICA-Y-MOVIMIENTO-3-de-abril-CARTEL-JPG-1448x2048.jpg 1448w, https:\/\/mediocudeyo.es\/web\/wp-content\/uploads\/2024\/03\/MUSICA-Y-MOVIMIENTO-3-de-abril-CARTEL-JPG.jpg 1587w\" sizes=\"(max-width: 212px) 100vw, 212px\" \/><\/div>\n<div data-offset-key=\"g4rt-0-0\"><\/div>\n<div data-contents=\"true\">\n<div class=\"\" data-block=\"true\" data-editor=\"57vgu\" data-offset-key=\"c10ql-0-0\">\n<div class=\"_1mf _1mj\" data-offset-key=\"c10ql-0-0\"><span data-offset-key=\"c10ql-0-0\">\ud83d\udcc5 Mi\u00e9rcoles 3 de abril.<\/span><\/div>\n<\/div>\n<div class=\"\" data-block=\"true\" data-editor=\"57vgu\" data-offset-key=\"6flas-0-0\">\n<div class=\"_1mf _1mj\" data-offset-key=\"6flas-0-0\"><span data-offset-key=\"6flas-0-0\">\u27a1 De 18:15 a 19:15.<\/span><\/div>\n<\/div>\n<div class=\"\" data-block=\"true\" data-editor=\"57vgu\" data-offset-key=\"o188-0-0\">\n<div class=\"_1mf _1mj\" data-offset-key=\"o188-0-0\"><span data-offset-key=\"o188-0-0\">\u2139\ufe0f Actividad GRATUITA. Plazas limitadas.<\/span><\/div>\n<\/div>\n<div class=\"\" data-block=\"true\" data-editor=\"57vgu\" data-offset-key=\"ps7s-0-0\">\n<div class=\"_1mf _1mj\" data-offset-key=\"ps7s-0-0\"><\/div>\n<\/div>\n<div class=\"\" data-block=\"true\" data-editor=\"57vgu\" data-offset-key=\"5qlc3-0-0\">\n<div class=\"_1mf _1mj\" data-offset-key=\"5qlc3-0-0\"><span data-offset-key=\"5qlc3-0-0\">\ud83d\udd39 El d\u00eda previo a la actividad se llamar\u00e1 a las personas que hayan obtenido plaza.<\/span><\/div>\n<\/div>\n<div class=\"\" data-block=\"true\" data-editor=\"57vgu\" data-offset-key=\"fa0j9-0-0\">\n<div class=\"_1mf _1mj\" data-offset-key=\"fa0j9-0-0\"><\/div>\n<\/div>\n<div class=\"\" data-block=\"true\" data-editor=\"57vgu\" data-offset-key=\"8595v-0-0\">\n<div class=\"_1mf _1mj\" data-offset-key=\"8595v-0-0\"><span data-offset-key=\"8595v-0-0\">\u27a1\ufe0f Imprescindible inscribirse:<\/span><\/div>\n<\/div>\n<div class=\"\" data-block=\"true\" data-editor=\"57vgu\" data-offset-key=\"aoqag-0-0\">\n<div class=\"_1mf _1mj\" data-offset-key=\"aoqag-0-0\"><span data-offset-key=\"aoqag-0-0\">\u260e 942 52 26 85 (Tambi\u00e9n por WhatsApp al mismo n\u00famero)<\/span><\/div>\n<\/div>\n<div class=\"\" data-block=\"true\" data-editor=\"57vgu\" data-offset-key=\"bo16d-0-0\">\n<div class=\"_1mf _1mj\" data-offset-key=\"bo16d-0-0\"><span data-offset-key=\"bo16d-0-0\">\ud83d\udce7Centrocultural@mediocudeyo.es<\/span><\/div>\n<\/div>\n<div class=\"\" data-block=\"true\" data-editor=\"57vgu\" data-offset-key=\"f8ol2-0-0\">\n<div class=\"_1mf _1mj\" data-offset-key=\"f8ol2-0-0\"><span data-offset-key=\"f8ol2-0-0\">\u00a0<\/span><\/div>\n<\/div>\n<div class=\"\" data-block=\"true\" data-editor=\"57vgu\" data-offset-key=\"5m11j-0-0\">\n<div class=\"_1mf _1mj\" data-offset-key=\"5m11j-0-0\"><\/div>\n<\/div>\n<\/div>\n","protected":false},"excerpt":{"rendered":"<p>\u00a1En el Centro Cultural nos gusta mover el esqueleto! Por eso en abril os traemos una nueva edici\u00f3n del taller de m\u00fasica y movimiento para ni\u00f1os\/as de 6 a 12 [&hellip;]<\/p>\n","protected":false},"author":4,"featured_media":22037,"comment_status":"closed","ping_status":"closed","sticky":false,"template":"","format":"standard","meta":{"footnotes":""},"categories":[37,48,49],"tags":[58,709,160,66],"class_list":["post-22036","post","type-post","status-publish","format-standard","has-post-thumbnail","hentry","category-centro-cultural","category-infantil","category-juventud","tag-centro-cultural-ramon-pelayo","tag-movimiento","tag-musica","tag-talleres"],"_links":{"self":[{"href":"https:\/\/mediocudeyo.es\/web\/wp-json\/wp\/v2\/posts\/22036"}],"collection":[{"href":"https:\/\/mediocudeyo.es\/web\/wp-json\/wp\/v2\/posts"}],"about":[{"href":"https:\/\/mediocudeyo.es\/web\/wp-json\/wp\/v2\/types\/post"}],"author":[{"embeddable":true,"href":"https:\/\/mediocudeyo.es\/web\/wp-json\/wp\/v2\/users\/4"}],"replies":[{"embeddable":true,"href":"https:\/\/mediocudeyo.es\/web\/wp-json\/wp\/v2\/comments?post=22036"}],"version-history":[{"count":2,"href":"https:\/\/mediocudeyo.es\/web\/wp-json\/wp\/v2\/posts\/22036\/revisions"}],"predecessor-version":[{"id":22039,"href":"https:\/\/mediocudeyo.es\/web\/wp-json\/wp\/v2\/posts\/22036\/revisions\/22039"}],"wp:featuredmedia":[{"embeddable":true,"href":"https:\/\/mediocudeyo.es\/web\/wp-json\/wp\/v2\/media\/22037"}],"wp:attachment":[{"href":"https:\/\/mediocudeyo.es\/web\/wp-json\/wp\/v2\/media?parent=22036"}],"wp:term":[{"taxonomy":"category","embeddable":true,"href":"https:\/\/mediocudeyo.es\/web\/wp-json\/wp\/v2\/categories?post=22036"},{"taxonomy":"post_tag","embeddable":true,"href":"https:\/\/mediocudeyo.es\/web\/wp-json\/wp\/v2\/tags?post=22036"}],"curies":[{"name":"wp","href":"https:\/\/api.w.org\/{rel}","templated":true}]}}