{"id":22094,"date":"2024-04-04T14:08:24","date_gmt":"2024-04-04T14:08:24","guid":{"rendered":"https:\/\/mediocudeyo.es\/web\/?p=22094"},"modified":"2024-04-04T14:08:24","modified_gmt":"2024-04-04T14:08:24","slug":"filmoteca-regional-la-sala-de-cristal-de-christian-lerch","status":"publish","type":"post","link":"https:\/\/mediocudeyo.es\/web\/filmoteca-regional-la-sala-de-cristal-de-christian-lerch\/","title":{"rendered":"Filmoteca Regional: \u00abLa sala de cristal\u00bb de Christian Lerch."},"content":{"rendered":"<div data-contents=\"true\">\n<div class=\"\" data-block=\"true\" data-editor=\"b0bd1\" data-offset-key=\"86utn-0-0\">\n<div class=\"_1mf _1mj\" data-offset-key=\"86utn-0-0\"><span data-offset-key=\"86utn-0-0\">\ud83d\udcc6Esta semana disfrutaremos en el Centro Cultural, de la mano de la Filmoteca Regional, de: \u00abLa sala de cristal\u00bb de Christian Lerch (Alemania).<\/span><\/div>\n<\/div>\n<div class=\"\" data-block=\"true\" data-editor=\"b0bd1\" data-offset-key=\"9pur4-0-0\">\n<div class=\"_1mf _1mj\" data-offset-key=\"9pur4-0-0\"><span data-offset-key=\"9pur4-0-0\">\u00a0<\/span><\/div>\n<\/div>\n<div class=\"\" data-block=\"true\" data-editor=\"b0bd1\" data-offset-key=\"3d87a-0-0\">\n<div class=\"_1mf _1mj\" data-offset-key=\"3d87a-0-0\"><span data-offset-key=\"3d87a-0-0\"><span class=\"x3nfvp2 x1j61x8r x1fcty0u xdj266r xhhsvwb xat24cr xgzva0m xxymvpz xlup9mm x1kky2od\"><img decoding=\"async\" class=\"xz74otr\" src=\"https:\/\/static.xx.fbcdn.net\/images\/emoji.php\/v9\/t40\/1\/16\/25b6.png\" alt=\"\u25b6\ufe0f\" width=\"16\" height=\"16\" \/><\/span><strong>Sinopsis<\/strong>: Alemania, a\u00f1o 1945, justo antes del final de la Segunda Guerra Mundial. Anna y su hijo Felix, de 11 a\u00f1os, huyen de la bombardeada M\u00fanich hacia el campo. Mientras que Anna sufre haci\u00e9ndose pasar por una nacionalsocialista convencida, Felix se siente cada vez m\u00e1s seducido por la propaganda nazi y sus partidarios. La pel\u00edcula est\u00e1 basada en los recuerdos de la infancia del guionista Josef Einwanger.<\/span><\/div>\n<\/div>\n<\/div>\n<div class=\"_1mf _1mj\" data-offset-key=\"865ml-0-0\"><span data-offset-key=\"865ml-0-0\">\u00a0<\/span><\/div>\n<div data-offset-key=\"865ml-0-0\"><img fetchpriority=\"high\" decoding=\"async\" class=\"alignnone size-medium wp-image-22095\" src=\"https:\/\/mediocudeyo.es\/web\/wp-content\/uploads\/2024\/04\/Domingo-7-de-abril-300x300.jpg\" alt=\"\" width=\"300\" height=\"300\" srcset=\"https:\/\/mediocudeyo.es\/web\/wp-content\/uploads\/2024\/04\/Domingo-7-de-abril-300x300.jpg 300w, https:\/\/mediocudeyo.es\/web\/wp-content\/uploads\/2024\/04\/Domingo-7-de-abril-1024x1024.jpg 1024w, https:\/\/mediocudeyo.es\/web\/wp-content\/uploads\/2024\/04\/Domingo-7-de-abril-150x150.jpg 150w, https:\/\/mediocudeyo.es\/web\/wp-content\/uploads\/2024\/04\/Domingo-7-de-abril-768x768.jpg 768w, https:\/\/mediocudeyo.es\/web\/wp-content\/uploads\/2024\/04\/Domingo-7-de-abril-450x450.jpg 450w, https:\/\/mediocudeyo.es\/web\/wp-content\/uploads\/2024\/04\/Domingo-7-de-abril-106x106.jpg 106w, https:\/\/mediocudeyo.es\/web\/wp-content\/uploads\/2024\/04\/Domingo-7-de-abril-560x560.jpg 560w, https:\/\/mediocudeyo.es\/web\/wp-content\/uploads\/2024\/04\/Domingo-7-de-abril-70x70.jpg 70w, https:\/\/mediocudeyo.es\/web\/wp-content\/uploads\/2024\/04\/Domingo-7-de-abril.jpg 1080w\" sizes=\"(max-width: 300px) 100vw, 300px\" \/><\/div>\n<div data-offset-key=\"865ml-0-0\"><\/div>\n<div data-offset-key=\"865ml-0-0\"><span class=\"x3nfvp2 x1j61x8r x1fcty0u xdj266r xhhsvwb xat24cr xgzva0m xxymvpz xlup9mm x1kky2od\"><img decoding=\"async\" class=\"xz74otr\" src=\"https:\/\/static.xx.fbcdn.net\/images\/emoji.php\/v9\/t40\/1\/16\/25b6.png\" alt=\"\u25b6\ufe0f\" width=\"16\" height=\"16\" \/><\/span> <strong>Tr\u00e1iler:<\/strong><\/div>\n<div data-offset-key=\"865ml-0-0\">\n<p><iframe title=\"La sala de cristal | Tr\u00e1iler subtitulado | StyleFeelFree\" width=\"500\" height=\"281\" src=\"https:\/\/www.youtube.com\/embed\/cvR7nN76VHA?feature=oembed\" frameborder=\"0\" allow=\"accelerometer; autoplay; clipboard-write; encrypted-media; gyroscope; picture-in-picture; web-share\" referrerpolicy=\"strict-origin-when-cross-origin\" allowfullscreen><\/iframe><\/p>\n<\/div>\n<div data-offset-key=\"865ml-0-0\"><\/div>\n<div data-contents=\"true\">\n<div class=\"\" data-block=\"true\" data-editor=\"b0bd1\" data-offset-key=\"qu5r-0-0\">\n<div class=\"_1mf _1mj\" data-offset-key=\"qu5r-0-0\"><span data-offset-key=\"qu5r-0-0\">\ud83d\udcc5 Domingo 7 de abril \u23f0 19:30h.<\/span><\/div>\n<\/div>\n<div class=\"\" data-block=\"true\" data-editor=\"b0bd1\" data-offset-key=\"8tj1c-0-0\">\n<div class=\"_1mf _1mj\" data-offset-key=\"8tj1c-0-0\"><span data-offset-key=\"8tj1c-0-0\">\ud83d\udcb5 Entrada: 1,5\u20ac \u2013 venta directa en taquilla desde media hora antes.<\/span><\/div>\n<\/div>\n<div class=\"\" data-block=\"true\" data-editor=\"b0bd1\" data-offset-key=\"8nhjs-0-0\">\n<div class=\"_1mf _1mj\" data-offset-key=\"8nhjs-0-0\"><span data-offset-key=\"8nhjs-0-0\">\ud83d\udd35M\u00e1s informaci\u00f3n:<\/span><\/div>\n<\/div>\n<div class=\"\" data-block=\"true\" data-editor=\"b0bd1\" data-offset-key=\"95pd4-0-0\">\n<div class=\"_1mf _1mj\" data-offset-key=\"95pd4-0-0\"><span data-offset-key=\"95pd4-0-0\">\ud83d\udc92 Centro Cultural Ram\u00f3n Pelayo (Solares)<\/span><\/div>\n<\/div>\n<div class=\"\" data-block=\"true\" data-editor=\"b0bd1\" data-offset-key=\"89b8d-0-0\">\n<div class=\"_1mf _1mj\" data-offset-key=\"89b8d-0-0\"><span data-offset-key=\"89b8d-0-0\">\u260e 942 52 26 85 (\u00f3 WhatsApp al mismo n\u00famero)<\/span><\/div>\n<\/div>\n<div class=\"\" data-block=\"true\" data-editor=\"b0bd1\" data-offset-key=\"8madh-0-0\">\n<div class=\"_1mf _1mj\" data-offset-key=\"8madh-0-0\"><span data-offset-key=\"8madh-0-0\">\ud83d\udce7 centrocultural@mediocudeyo.es<\/span><\/div>\n<\/div>\n<div class=\"\" data-block=\"true\" data-editor=\"b0bd1\" data-offset-key=\"10dtk-0-0\">\n<div class=\"_1mf _1mj\" data-offset-key=\"10dtk-0-0\"><span data-offset-key=\"10dtk-0-0\">\u00a0<\/span><\/div>\n<\/div>\n<div class=\"\" data-block=\"true\" data-editor=\"b0bd1\" data-offset-key=\"avn4f-0-0\">\n<div class=\"_1mf _1mj\" data-offset-key=\"avn4f-0-0\"><\/div>\n<\/div>\n<\/div>\n","protected":false},"excerpt":{"rendered":"<p>\ud83d\udcc6Esta semana disfrutaremos en el Centro Cultural, de la mano de la Filmoteca Regional, de: \u00abLa sala de cristal\u00bb de Christian Lerch (Alemania). \u00a0 Sinopsis: Alemania, a\u00f1o 1945, justo antes [&hellip;]<\/p>\n","protected":false},"author":4,"featured_media":22095,"comment_status":"closed","ping_status":"closed","sticky":false,"template":"","format":"standard","meta":{"footnotes":""},"categories":[37,59,43],"tags":[58,116,117,105],"class_list":["post-22094","post","type-post","status-publish","format-standard","has-post-thumbnail","hentry","category-centro-cultural","category-cultura","category-filmoteca","tag-centro-cultural-ramon-pelayo","tag-cine","tag-filmoteca","tag-filmoteca-regional"],"_links":{"self":[{"href":"https:\/\/mediocudeyo.es\/web\/wp-json\/wp\/v2\/posts\/22094"}],"collection":[{"href":"https:\/\/mediocudeyo.es\/web\/wp-json\/wp\/v2\/posts"}],"about":[{"href":"https:\/\/mediocudeyo.es\/web\/wp-json\/wp\/v2\/types\/post"}],"author":[{"embeddable":true,"href":"https:\/\/mediocudeyo.es\/web\/wp-json\/wp\/v2\/users\/4"}],"replies":[{"embeddable":true,"href":"https:\/\/mediocudeyo.es\/web\/wp-json\/wp\/v2\/comments?post=22094"}],"version-history":[{"count":2,"href":"https:\/\/mediocudeyo.es\/web\/wp-json\/wp\/v2\/posts\/22094\/revisions"}],"predecessor-version":[{"id":22188,"href":"https:\/\/mediocudeyo.es\/web\/wp-json\/wp\/v2\/posts\/22094\/revisions\/22188"}],"wp:featuredmedia":[{"embeddable":true,"href":"https:\/\/mediocudeyo.es\/web\/wp-json\/wp\/v2\/media\/22095"}],"wp:attachment":[{"href":"https:\/\/mediocudeyo.es\/web\/wp-json\/wp\/v2\/media?parent=22094"}],"wp:term":[{"taxonomy":"category","embeddable":true,"href":"https:\/\/mediocudeyo.es\/web\/wp-json\/wp\/v2\/categories?post=22094"},{"taxonomy":"post_tag","embeddable":true,"href":"https:\/\/mediocudeyo.es\/web\/wp-json\/wp\/v2\/tags?post=22094"}],"curies":[{"name":"wp","href":"https:\/\/api.w.org\/{rel}","templated":true}]}}