{"id":22135,"date":"2024-04-11T15:37:09","date_gmt":"2024-04-11T15:37:09","guid":{"rendered":"https:\/\/mediocudeyo.es\/web\/?p=22135"},"modified":"2024-04-11T15:37:09","modified_gmt":"2024-04-11T15:37:09","slug":"filmoteca-regional-en-la-linea-del-horizonte-de-inaki-pinedo-y-marcos-aldaco","status":"publish","type":"post","link":"https:\/\/mediocudeyo.es\/web\/filmoteca-regional-en-la-linea-del-horizonte-de-inaki-pinedo-y-marcos-aldaco\/","title":{"rendered":"Filmoteca Regional: \u00abEn la l\u00ednea del horizonte\u00bb de I\u00f1aki Pinedo y Marcos Aldaco."},"content":{"rendered":"<div data-contents=\"true\">\n<div class=\"\" data-block=\"true\" data-editor=\"4ou8h\" data-offset-key=\"co007-0-0\">\n<div class=\"_1mf _1mj\" data-offset-key=\"co007-0-0\"><span data-offset-key=\"co007-0-0\">\ud83d\udcc6Esta semana disfrutaremos en el Centro Cultural, de la mano de la Filmoteca Regional, de: \u00abEn la l\u00ednea del horizonte\u00bb de I\u00f1aki Pinedo y Marcos Aldaco (Espa\u00f1a).<\/span><\/div>\n<\/div>\n<div class=\"\" data-block=\"true\" data-editor=\"4ou8h\" data-offset-key=\"acdnm-0-0\">\n<div class=\"_1mf _1mj\" data-offset-key=\"acdnm-0-0\"><span data-offset-key=\"acdnm-0-0\">\u00a0<\/span><\/div>\n<\/div>\n<div class=\"\" data-block=\"true\" data-editor=\"4ou8h\" data-offset-key=\"ccp6f-0-0\">\n<div class=\"_1mf _1mj\" data-offset-key=\"ccp6f-0-0\"><span data-offset-key=\"ccp6f-0-0\">\u25b6\ufe0f<strong> Sinopsis:<\/strong> \u201cEn la l\u00ednea del horizonte\u201d es una reflexi\u00f3n sobre el proceso creativo del artista y la influencia que tiene sobre el mismo el ambiente, el entorno. Este trabajo intenta acercar al p\u00fablico la parte m\u00e1s \u00edntima del artista, su proceso creativo y sus influencias. Tambi\u00e9n registrar para el acervo cultural de Santander y de Cantabria la figura de un artista significado de nuestra regi\u00f3n.<\/span><\/div>\n<\/div>\n<\/div>\n<div class=\"_1mf _1mj\" data-offset-key=\"6870b-0-0\"><span data-offset-key=\"6870b-0-0\">\u00a0<\/span><\/div>\n<div data-offset-key=\"6870b-0-0\"><img fetchpriority=\"high\" decoding=\"async\" class=\"alignnone size-medium wp-image-22136\" src=\"https:\/\/mediocudeyo.es\/web\/wp-content\/uploads\/2024\/04\/Domingo-14-de-abril1-240x300.jpg\" alt=\"\" width=\"240\" height=\"300\" srcset=\"https:\/\/mediocudeyo.es\/web\/wp-content\/uploads\/2024\/04\/Domingo-14-de-abril1-240x300.jpg 240w, https:\/\/mediocudeyo.es\/web\/wp-content\/uploads\/2024\/04\/Domingo-14-de-abril1-819x1024.jpg 819w, https:\/\/mediocudeyo.es\/web\/wp-content\/uploads\/2024\/04\/Domingo-14-de-abril1-768x960.jpg 768w, https:\/\/mediocudeyo.es\/web\/wp-content\/uploads\/2024\/04\/Domingo-14-de-abril1.jpg 1080w\" sizes=\"(max-width: 240px) 100vw, 240px\" \/><\/div>\n<div data-offset-key=\"6870b-0-0\"><\/div>\n<div data-offset-key=\"6870b-0-0\"><span data-offset-key=\"ccp6f-0-0\">\u25b6\ufe0f<\/span> <strong>Tr\u00e1iler:<\/strong><\/div>\n<div data-offset-key=\"6870b-0-0\"><\/div>\n<div data-offset-key=\"6870b-0-0\">\n<p><iframe title=\"Trailer de En la l\u00ednea del horizonte\" width=\"500\" height=\"281\" src=\"https:\/\/www.youtube.com\/embed\/NbdT60otzRI?feature=oembed\" frameborder=\"0\" allow=\"accelerometer; autoplay; clipboard-write; encrypted-media; gyroscope; picture-in-picture; web-share\" referrerpolicy=\"strict-origin-when-cross-origin\" allowfullscreen><\/iframe><\/p>\n<\/div>\n<div data-offset-key=\"6870b-0-0\"><\/div>\n<div data-contents=\"true\">\n<div class=\"\" data-block=\"true\" data-editor=\"4ou8h\" data-offset-key=\"9dudn-0-0\">\n<div class=\"_1mf _1mj\" data-offset-key=\"9dudn-0-0\"><span data-offset-key=\"9dudn-0-0\">\ud83d\udcc5 Domingo 14 de abril \u23f0 19:30h.<\/span><\/div>\n<\/div>\n<div class=\"\" data-block=\"true\" data-editor=\"4ou8h\" data-offset-key=\"9ajob-0-0\">\n<div class=\"_1mf _1mj\" data-offset-key=\"9ajob-0-0\"><span data-offset-key=\"9ajob-0-0\">\ud83d\udcb5 Entrada: 1,5\u20ac \u2013 venta directa en taquilla desde media hora antes.<\/span><\/div>\n<\/div>\n<div class=\"\" data-block=\"true\" data-editor=\"4ou8h\" data-offset-key=\"eq99b-0-0\">\n<div class=\"_1mf _1mj\" data-offset-key=\"eq99b-0-0\"><span data-offset-key=\"eq99b-0-0\">\ud83d\udd35M\u00e1s informaci\u00f3n:<\/span><\/div>\n<\/div>\n<div class=\"\" data-block=\"true\" data-editor=\"4ou8h\" data-offset-key=\"b4udi-0-0\">\n<div class=\"_1mf _1mj\" data-offset-key=\"b4udi-0-0\"><span data-offset-key=\"b4udi-0-0\">\ud83d\udc92 Centro Cultural Ram\u00f3n Pelayo (Solares)<\/span><\/div>\n<\/div>\n<div class=\"\" data-block=\"true\" data-editor=\"4ou8h\" data-offset-key=\"ed8l2-0-0\">\n<div class=\"_1mf _1mj\" data-offset-key=\"ed8l2-0-0\"><span data-offset-key=\"ed8l2-0-0\">\u260e 942 52 26 85 (\u00f3 WhatsApp al mismo n\u00famero)<\/span><\/div>\n<\/div>\n<div class=\"\" data-block=\"true\" data-editor=\"4ou8h\" data-offset-key=\"938mr-0-0\">\n<div class=\"_1mf _1mj\" data-offset-key=\"938mr-0-0\"><span data-offset-key=\"938mr-0-0\">\ud83d\udce7 centrocultural@mediocudeyo.es<\/span><\/div>\n<\/div>\n<div class=\"\" data-block=\"true\" data-editor=\"4ou8h\" data-offset-key=\"5uaeh-0-0\">\n<div class=\"_1mf _1mj\" data-offset-key=\"5uaeh-0-0\"><span data-offset-key=\"5uaeh-0-0\">\u00a0<\/span><\/div>\n<\/div>\n<\/div>\n","protected":false},"excerpt":{"rendered":"<p>\ud83d\udcc6Esta semana disfrutaremos en el Centro Cultural, de la mano de la Filmoteca Regional, de: \u00abEn la l\u00ednea del horizonte\u00bb de I\u00f1aki Pinedo y Marcos Aldaco (Espa\u00f1a). \u00a0 \u25b6\ufe0f Sinopsis: [&hellip;]<\/p>\n","protected":false},"author":4,"featured_media":22136,"comment_status":"closed","ping_status":"closed","sticky":false,"template":"","format":"standard","meta":{"footnotes":""},"categories":[37,59,43],"tags":[58,116,117,105],"class_list":["post-22135","post","type-post","status-publish","format-standard","has-post-thumbnail","hentry","category-centro-cultural","category-cultura","category-filmoteca","tag-centro-cultural-ramon-pelayo","tag-cine","tag-filmoteca","tag-filmoteca-regional"],"_links":{"self":[{"href":"https:\/\/mediocudeyo.es\/web\/wp-json\/wp\/v2\/posts\/22135"}],"collection":[{"href":"https:\/\/mediocudeyo.es\/web\/wp-json\/wp\/v2\/posts"}],"about":[{"href":"https:\/\/mediocudeyo.es\/web\/wp-json\/wp\/v2\/types\/post"}],"author":[{"embeddable":true,"href":"https:\/\/mediocudeyo.es\/web\/wp-json\/wp\/v2\/users\/4"}],"replies":[{"embeddable":true,"href":"https:\/\/mediocudeyo.es\/web\/wp-json\/wp\/v2\/comments?post=22135"}],"version-history":[{"count":2,"href":"https:\/\/mediocudeyo.es\/web\/wp-json\/wp\/v2\/posts\/22135\/revisions"}],"predecessor-version":[{"id":22138,"href":"https:\/\/mediocudeyo.es\/web\/wp-json\/wp\/v2\/posts\/22135\/revisions\/22138"}],"wp:featuredmedia":[{"embeddable":true,"href":"https:\/\/mediocudeyo.es\/web\/wp-json\/wp\/v2\/media\/22136"}],"wp:attachment":[{"href":"https:\/\/mediocudeyo.es\/web\/wp-json\/wp\/v2\/media?parent=22135"}],"wp:term":[{"taxonomy":"category","embeddable":true,"href":"https:\/\/mediocudeyo.es\/web\/wp-json\/wp\/v2\/categories?post=22135"},{"taxonomy":"post_tag","embeddable":true,"href":"https:\/\/mediocudeyo.es\/web\/wp-json\/wp\/v2\/tags?post=22135"}],"curies":[{"name":"wp","href":"https:\/\/api.w.org\/{rel}","templated":true}]}}