{"id":22186,"date":"2024-04-17T13:04:37","date_gmt":"2024-04-17T13:04:37","guid":{"rendered":"https:\/\/mediocudeyo.es\/web\/?p=22186"},"modified":"2024-04-19T12:33:06","modified_gmt":"2024-04-19T12:33:06","slug":"filmoteca-regional-la-fortaleza-escondida-de-akira-kirosawa","status":"publish","type":"post","link":"https:\/\/mediocudeyo.es\/web\/filmoteca-regional-la-fortaleza-escondida-de-akira-kirosawa\/","title":{"rendered":"Filmoteca Regional: \u00abLa fortaleza escondida\u00bb de Akira Kirosawa."},"content":{"rendered":"<div data-contents=\"true\">\n<div class=\"\" data-block=\"true\" data-editor=\"a68iv\" data-offset-key=\"1mnu2-0-0\">\n<div class=\"_1mf _1mj\" data-offset-key=\"1mnu2-0-0\"><span data-offset-key=\"1mnu2-0-0\">\ud83d\udcc6Esta semana disfrutaremos en el Centro Cultural, de la mano de la Filmoteca Regional, de: \u00abLa fortaleza escondida\u00bb de Akira Kirosawa (Jap\u00f3n).<\/span><\/div>\n<\/div>\n<div class=\"\" data-block=\"true\" data-editor=\"a68iv\" data-offset-key=\"78hra-0-0\">\n<div class=\"_1mf _1mj\" data-offset-key=\"78hra-0-0\"><span data-offset-key=\"78hra-0-0\">\u00a0<\/span><\/div>\n<\/div>\n<div class=\"\" data-block=\"true\" data-editor=\"a68iv\" data-offset-key=\"fq680-0-0\">\n<div class=\"_1mf _1mj\" data-offset-key=\"fq680-0-0\"><span data-offset-key=\"fq680-0-0\">\u25b6\ufe0f Sinopsis: Jap\u00f3n feudal, siglo XVI. Matashichi (Kamatari Fujiwara) y Tahei (Minoru Chiaki) son dos soldados huidos del conflicto b\u00e9lico, que buscan el enriquecimiento. Cuando encuentran oro, se dan cuenta de que son vigilados por un silencioso y misterioso hombre, que finalmente resulta ser el c\u00e9lebre general Rokurota Makabe (Toshiro Mifune), quien utilizar\u00e1 a los dos soldados, ignorantes de la identidad de sus acompa\u00f1antes, para transportar una gran cantidad de oro y liberar a la princesa Yukihime (Misa Uehara). Una comedia de aventuras firmada por el gran Akira Kurosawa, que influy\u00f3 notablemente en la construcci\u00f3n de personajes de la saga \u00abStar Wars\u00bb, de George Lucas.<\/span><\/div>\n<\/div>\n<\/div>\n<div class=\"_1mf _1mj\" data-offset-key=\"1r94n-0-0\"><span data-offset-key=\"1r94n-0-0\">\u00a0<\/span><\/div>\n<div data-offset-key=\"1r94n-0-0\"><img fetchpriority=\"high\" decoding=\"async\" class=\"alignnone size-medium wp-image-22187\" src=\"https:\/\/mediocudeyo.es\/web\/wp-content\/uploads\/2024\/04\/Domingo-21-de-abril-240x300.jpg\" alt=\"\" width=\"240\" height=\"300\" srcset=\"https:\/\/mediocudeyo.es\/web\/wp-content\/uploads\/2024\/04\/Domingo-21-de-abril-240x300.jpg 240w, https:\/\/mediocudeyo.es\/web\/wp-content\/uploads\/2024\/04\/Domingo-21-de-abril-819x1024.jpg 819w, https:\/\/mediocudeyo.es\/web\/wp-content\/uploads\/2024\/04\/Domingo-21-de-abril-768x960.jpg 768w, https:\/\/mediocudeyo.es\/web\/wp-content\/uploads\/2024\/04\/Domingo-21-de-abril.jpg 1080w\" sizes=\"(max-width: 240px) 100vw, 240px\" \/><\/div>\n<div data-offset-key=\"1r94n-0-0\"><\/div>\n<div data-offset-key=\"1r94n-0-0\"><span class=\"x3nfvp2 x1j61x8r x1fcty0u xdj266r xhhsvwb xat24cr xgzva0m xxymvpz xlup9mm x1kky2od\"><img decoding=\"async\" class=\"xz74otr\" src=\"https:\/\/static.xx.fbcdn.net\/images\/emoji.php\/v9\/t40\/1\/16\/25b6.png\" alt=\"\u25b6\ufe0f\" width=\"16\" height=\"16\" \/><\/span> <strong>Tr\u00e1iler:<\/strong><\/div>\n<div data-offset-key=\"1r94n-0-0\">\n<p><iframe title=\"La fortaleza escondida\" width=\"500\" height=\"281\" src=\"https:\/\/www.youtube.com\/embed\/LeBAwJT25YI?feature=oembed\" frameborder=\"0\" allow=\"accelerometer; autoplay; clipboard-write; encrypted-media; gyroscope; picture-in-picture; web-share\" referrerpolicy=\"strict-origin-when-cross-origin\" allowfullscreen><\/iframe><\/p>\n<\/div>\n<div data-offset-key=\"1r94n-0-0\"><\/div>\n<div data-contents=\"true\">\n<div class=\"\" data-block=\"true\" data-editor=\"a68iv\" data-offset-key=\"9v4hj-0-0\">\n<div class=\"_1mf _1mj\" data-offset-key=\"9v4hj-0-0\"><span data-offset-key=\"9v4hj-0-0\">\ud83d\udcc5 Domingo 21 de abril \u23f0 19:30h.<\/span><\/div>\n<\/div>\n<div class=\"\" data-block=\"true\" data-editor=\"a68iv\" data-offset-key=\"5f1kv-0-0\">\n<div class=\"_1mf _1mj\" data-offset-key=\"5f1kv-0-0\"><span data-offset-key=\"5f1kv-0-0\">\ud83d\udcb5 Entrada: 1,5\u20ac \u2013 venta directa en taquilla desde media hora antes.<\/span><\/div>\n<\/div>\n<\/div>\n<div data-offset-key=\"58rbs-0-0\"><\/div>\n<div data-contents=\"true\">\n<div class=\"\" data-block=\"true\" data-editor=\"a68iv\" data-offset-key=\"efh5t-0-0\">\n<div class=\"_1mf _1mj\" data-offset-key=\"efh5t-0-0\"><span data-offset-key=\"efh5t-0-0\">\ud83d\udd35M\u00e1s informaci\u00f3n:<\/span><\/div>\n<\/div>\n<div class=\"\" data-block=\"true\" data-editor=\"a68iv\" data-offset-key=\"6cvtu-0-0\">\n<div class=\"_1mf _1mj\" data-offset-key=\"6cvtu-0-0\"><span data-offset-key=\"6cvtu-0-0\">\ud83d\udc92 Centro Cultural Ram\u00f3n Pelayo (Solares)<\/span><\/div>\n<\/div>\n<div class=\"\" data-block=\"true\" data-editor=\"a68iv\" data-offset-key=\"ba6j6-0-0\">\n<div class=\"_1mf _1mj\" data-offset-key=\"ba6j6-0-0\"><span data-offset-key=\"ba6j6-0-0\">\u260e 942 52 26 85 (\u00f3 WhatsApp al mismo n\u00famero)<\/span><\/div>\n<\/div>\n<div class=\"\" data-block=\"true\" data-editor=\"a68iv\" data-offset-key=\"8ec6q-0-0\">\n<div class=\"_1mf _1mj\" data-offset-key=\"8ec6q-0-0\"><span data-offset-key=\"8ec6q-0-0\">\ud83d\udce7 centrocultural@mediocudeyo.es<\/span><\/div>\n<\/div>\n<\/div>\n","protected":false},"excerpt":{"rendered":"<p>\ud83d\udcc6Esta semana disfrutaremos en el Centro Cultural, de la mano de la Filmoteca Regional, de: \u00abLa fortaleza escondida\u00bb de Akira Kirosawa (Jap\u00f3n). \u00a0 \u25b6\ufe0f Sinopsis: Jap\u00f3n feudal, siglo XVI. Matashichi [&hellip;]<\/p>\n","protected":false},"author":4,"featured_media":22187,"comment_status":"closed","ping_status":"closed","sticky":false,"template":"","format":"standard","meta":{"footnotes":""},"categories":[37,59,43,1],"tags":[58,116,117,105],"class_list":["post-22186","post","type-post","status-publish","format-standard","has-post-thumbnail","hentry","category-centro-cultural","category-cultura","category-filmoteca","category-sin-categoria","tag-centro-cultural-ramon-pelayo","tag-cine","tag-filmoteca","tag-filmoteca-regional"],"_links":{"self":[{"href":"https:\/\/mediocudeyo.es\/web\/wp-json\/wp\/v2\/posts\/22186"}],"collection":[{"href":"https:\/\/mediocudeyo.es\/web\/wp-json\/wp\/v2\/posts"}],"about":[{"href":"https:\/\/mediocudeyo.es\/web\/wp-json\/wp\/v2\/types\/post"}],"author":[{"embeddable":true,"href":"https:\/\/mediocudeyo.es\/web\/wp-json\/wp\/v2\/users\/4"}],"replies":[{"embeddable":true,"href":"https:\/\/mediocudeyo.es\/web\/wp-json\/wp\/v2\/comments?post=22186"}],"version-history":[{"count":3,"href":"https:\/\/mediocudeyo.es\/web\/wp-json\/wp\/v2\/posts\/22186\/revisions"}],"predecessor-version":[{"id":22213,"href":"https:\/\/mediocudeyo.es\/web\/wp-json\/wp\/v2\/posts\/22186\/revisions\/22213"}],"wp:featuredmedia":[{"embeddable":true,"href":"https:\/\/mediocudeyo.es\/web\/wp-json\/wp\/v2\/media\/22187"}],"wp:attachment":[{"href":"https:\/\/mediocudeyo.es\/web\/wp-json\/wp\/v2\/media?parent=22186"}],"wp:term":[{"taxonomy":"category","embeddable":true,"href":"https:\/\/mediocudeyo.es\/web\/wp-json\/wp\/v2\/categories?post=22186"},{"taxonomy":"post_tag","embeddable":true,"href":"https:\/\/mediocudeyo.es\/web\/wp-json\/wp\/v2\/tags?post=22186"}],"curies":[{"name":"wp","href":"https:\/\/api.w.org\/{rel}","templated":true}]}}