{"id":22190,"date":"2024-04-24T10:00:05","date_gmt":"2024-04-24T10:00:05","guid":{"rendered":"https:\/\/mediocudeyo.es\/web\/?p=22190"},"modified":"2024-04-25T09:14:00","modified_gmt":"2024-04-25T09:14:00","slug":"filmoteca-regional-no-mataras-de-krzysztof-kieslowski","status":"publish","type":"post","link":"https:\/\/mediocudeyo.es\/web\/filmoteca-regional-no-mataras-de-krzysztof-kieslowski\/","title":{"rendered":"Filmoteca Regional: \u00abNo matar\u00e1s\u00bb de Krzysztof Kie\u015blowski."},"content":{"rendered":"<div class=\"\" data-block=\"true\" data-editor=\"a68iv\" data-offset-key=\"1mnu2-0-0\">\n<div class=\"_1mf _1mj\" data-offset-key=\"1mnu2-0-0\"><span data-offset-key=\"1mnu2-0-0\">\ud83d\udcc6Esta semana disfrutaremos en el Centro Cultural, de la mano de la Filmoteca Regional, de: \u00abNo matar\u00e1s\u00bb de Krzysztof Kie\u015blowski (Polonia).<\/span><\/div>\n<\/div>\n<div class=\"\" data-block=\"true\" data-editor=\"a68iv\" data-offset-key=\"78hra-0-0\">\n<div class=\"_1mf _1mj\" data-offset-key=\"78hra-0-0\"><span data-offset-key=\"78hra-0-0\">\u00a0<\/span><\/div>\n<\/div>\n<div class=\"\" data-block=\"true\" data-editor=\"a68iv\" data-offset-key=\"fq680-0-0\">\n<div class=\"_1mf _1mj\" data-offset-key=\"fq680-0-0\"><span data-offset-key=\"fq680-0-0\">\u25b6\ufe0f Sinopsis: Varsovia. Un taxista est\u00e1 lavando su coche. Jacek, un joven campesino de mirada turbia, vaga por la ciudad. Piotr, un estudiante de derecho, se prepara para hacer su \u00faltimo examen. Sus destinos se cruzan cuando Jacek coge un taxi para ir a los suburbios de la ciudad, donde asesina brutalmente al taxista.<br \/>\n<\/span><\/div>\n<\/div>\n<div data-offset-key=\"fq680-0-0\"><\/div>\n<div data-offset-key=\"fq680-0-0\"><img fetchpriority=\"high\" decoding=\"async\" class=\"alignnone size-medium wp-image-22191\" src=\"https:\/\/mediocudeyo.es\/web\/wp-content\/uploads\/2024\/04\/Domingo-28-de-abril-240x300.jpg\" alt=\"\" width=\"240\" height=\"300\" srcset=\"https:\/\/mediocudeyo.es\/web\/wp-content\/uploads\/2024\/04\/Domingo-28-de-abril-240x300.jpg 240w, https:\/\/mediocudeyo.es\/web\/wp-content\/uploads\/2024\/04\/Domingo-28-de-abril-819x1024.jpg 819w, https:\/\/mediocudeyo.es\/web\/wp-content\/uploads\/2024\/04\/Domingo-28-de-abril-768x960.jpg 768w, https:\/\/mediocudeyo.es\/web\/wp-content\/uploads\/2024\/04\/Domingo-28-de-abril.jpg 1080w\" sizes=\"(max-width: 240px) 100vw, 240px\" \/><\/div>\n<div data-offset-key=\"fq680-0-0\"><\/div>\n<div data-offset-key=\"fq680-0-0\"><span class=\"x3nfvp2 x1j61x8r x1fcty0u xdj266r xhhsvwb xat24cr xgzva0m xxymvpz xlup9mm x1kky2od\"><img decoding=\"async\" class=\"xz74otr\" src=\"https:\/\/static.xx.fbcdn.net\/images\/emoji.php\/v9\/t40\/1\/16\/25b6.png\" alt=\"\u25b6\ufe0f\" width=\"16\" height=\"16\" \/><\/span> <strong>Tr\u00e1iler:<\/strong><\/div>\n<div data-offset-key=\"fq680-0-0\"><\/div>\n<div data-offset-key=\"fq680-0-0\">\n<p><iframe title=\"NO MATAR\u00c1S (Kr\u00f3tki film o zabijaniu) de Krzysztof Kie\u015blowski - trailer\" width=\"500\" height=\"281\" src=\"https:\/\/www.youtube.com\/embed\/SJ4Zd60ZA8Q?start=1&#038;feature=oembed\" frameborder=\"0\" allow=\"accelerometer; autoplay; clipboard-write; encrypted-media; gyroscope; picture-in-picture; web-share\" referrerpolicy=\"strict-origin-when-cross-origin\" allowfullscreen><\/iframe><\/p>\n<\/div>\n<div data-offset-key=\"fq680-0-0\"><\/div>\n<div data-offset-key=\"fq680-0-0\">\n<div data-contents=\"true\">\n<div class=\"\" data-block=\"true\" data-editor=\"a68iv\" data-offset-key=\"9v4hj-0-0\">\n<div class=\"_1mf _1mj\" data-offset-key=\"9v4hj-0-0\"><span data-offset-key=\"9v4hj-0-0\">\ud83d\udcc5 Domingo 28 de abril \u23f0 19:30h.<\/span><\/div>\n<\/div>\n<div class=\"\" data-block=\"true\" data-editor=\"a68iv\" data-offset-key=\"5f1kv-0-0\">\n<div class=\"_1mf _1mj\" data-offset-key=\"5f1kv-0-0\"><span data-offset-key=\"5f1kv-0-0\">\ud83d\udcb5 Entrada: 1,5\u20ac \u2013 venta directa en taquilla desde media hora antes.<\/span><\/div>\n<\/div>\n<\/div>\n<div data-offset-key=\"58rbs-0-0\"><\/div>\n<div data-contents=\"true\">\n<div class=\"\" data-block=\"true\" data-editor=\"a68iv\" data-offset-key=\"efh5t-0-0\">\n<div class=\"_1mf _1mj\" data-offset-key=\"efh5t-0-0\"><span data-offset-key=\"efh5t-0-0\">\ud83d\udd35M\u00e1s informaci\u00f3n:<\/span><\/div>\n<\/div>\n<div class=\"\" data-block=\"true\" data-editor=\"a68iv\" data-offset-key=\"6cvtu-0-0\">\n<div class=\"_1mf _1mj\" data-offset-key=\"6cvtu-0-0\"><span data-offset-key=\"6cvtu-0-0\">\ud83d\udc92 Centro Cultural Ram\u00f3n Pelayo (Solares)<\/span><\/div>\n<\/div>\n<div class=\"\" data-block=\"true\" data-editor=\"a68iv\" data-offset-key=\"ba6j6-0-0\">\n<div class=\"_1mf _1mj\" data-offset-key=\"ba6j6-0-0\"><span data-offset-key=\"ba6j6-0-0\">\u260e 942 52 26 85 (\u00f3 WhatsApp al mismo n\u00famero)<\/span><\/div>\n<\/div>\n<div class=\"\" data-block=\"true\" data-editor=\"a68iv\" data-offset-key=\"8ec6q-0-0\">\n<div class=\"_1mf _1mj\" data-offset-key=\"8ec6q-0-0\"><span data-offset-key=\"8ec6q-0-0\">\ud83d\udce7 centrocultural@mediocudeyo.es<\/span><\/div>\n<\/div>\n<\/div>\n<\/div>\n","protected":false},"excerpt":{"rendered":"<p>\ud83d\udcc6Esta semana disfrutaremos en el Centro Cultural, de la mano de la Filmoteca Regional, de: \u00abNo matar\u00e1s\u00bb de Krzysztof Kie\u015blowski (Polonia). \u00a0 \u25b6\ufe0f Sinopsis: Varsovia. Un taxista est\u00e1 lavando su [&hellip;]<\/p>\n","protected":false},"author":4,"featured_media":22191,"comment_status":"closed","ping_status":"closed","sticky":false,"template":"","format":"standard","meta":{"footnotes":""},"categories":[37,59,43],"tags":[58,116,117,105],"class_list":["post-22190","post","type-post","status-publish","format-standard","has-post-thumbnail","hentry","category-centro-cultural","category-cultura","category-filmoteca","tag-centro-cultural-ramon-pelayo","tag-cine","tag-filmoteca","tag-filmoteca-regional"],"_links":{"self":[{"href":"https:\/\/mediocudeyo.es\/web\/wp-json\/wp\/v2\/posts\/22190"}],"collection":[{"href":"https:\/\/mediocudeyo.es\/web\/wp-json\/wp\/v2\/posts"}],"about":[{"href":"https:\/\/mediocudeyo.es\/web\/wp-json\/wp\/v2\/types\/post"}],"author":[{"embeddable":true,"href":"https:\/\/mediocudeyo.es\/web\/wp-json\/wp\/v2\/users\/4"}],"replies":[{"embeddable":true,"href":"https:\/\/mediocudeyo.es\/web\/wp-json\/wp\/v2\/comments?post=22190"}],"version-history":[{"count":3,"href":"https:\/\/mediocudeyo.es\/web\/wp-json\/wp\/v2\/posts\/22190\/revisions"}],"predecessor-version":[{"id":22259,"href":"https:\/\/mediocudeyo.es\/web\/wp-json\/wp\/v2\/posts\/22190\/revisions\/22259"}],"wp:featuredmedia":[{"embeddable":true,"href":"https:\/\/mediocudeyo.es\/web\/wp-json\/wp\/v2\/media\/22191"}],"wp:attachment":[{"href":"https:\/\/mediocudeyo.es\/web\/wp-json\/wp\/v2\/media?parent=22190"}],"wp:term":[{"taxonomy":"category","embeddable":true,"href":"https:\/\/mediocudeyo.es\/web\/wp-json\/wp\/v2\/categories?post=22190"},{"taxonomy":"post_tag","embeddable":true,"href":"https:\/\/mediocudeyo.es\/web\/wp-json\/wp\/v2\/tags?post=22190"}],"curies":[{"name":"wp","href":"https:\/\/api.w.org\/{rel}","templated":true}]}}