{"id":22234,"date":"2024-04-23T09:06:38","date_gmt":"2024-04-23T09:06:38","guid":{"rendered":"https:\/\/mediocudeyo.es\/web\/?p=22234"},"modified":"2024-04-23T09:06:38","modified_gmt":"2024-04-23T09:06:38","slug":"iv-concurso-literario-centro-cultural-ramon-pelayo-de-relato-corto","status":"publish","type":"post","link":"https:\/\/mediocudeyo.es\/web\/iv-concurso-literario-centro-cultural-ramon-pelayo-de-relato-corto\/","title":{"rendered":"IV CONCURSO LITERARIO \u201cCentro Cultural Ram\u00f3n Pelayo\u201d de relato corto."},"content":{"rendered":"<div data-contents=\"true\">\n<div class=\"\" data-block=\"true\" data-editor=\"emb0p\" data-offset-key=\"9hl2b-0-0\">\n<div class=\"_1mf _1mj\" data-offset-key=\"9hl2b-0-0\"><span data-offset-key=\"9hl2b-0-0\">\ud83d\udcda\ud83d\udcd6 IV CONCURSO LITERARIO \u201cCentro Cultural Ram\u00f3n Pelayo\u201d de relato corto.<\/span><\/div>\n<\/div>\n<\/div>\n<div class=\"_1mf _1mj\" data-offset-key=\"70oad-0-0\"><span data-offset-key=\"70oad-0-0\">\u00a0<\/span><\/div>\n<div data-offset-key=\"70oad-0-0\"><img fetchpriority=\"high\" decoding=\"async\" class=\"alignnone size-medium wp-image-22236\" src=\"https:\/\/mediocudeyo.es\/web\/wp-content\/uploads\/2024\/04\/DIA-DEL-LIBRO.-Cartel-gral-JPG-212x300.jpg\" alt=\"\" width=\"212\" height=\"300\" srcset=\"https:\/\/mediocudeyo.es\/web\/wp-content\/uploads\/2024\/04\/DIA-DEL-LIBRO.-Cartel-gral-JPG-212x300.jpg 212w, https:\/\/mediocudeyo.es\/web\/wp-content\/uploads\/2024\/04\/DIA-DEL-LIBRO.-Cartel-gral-JPG-724x1024.jpg 724w, https:\/\/mediocudeyo.es\/web\/wp-content\/uploads\/2024\/04\/DIA-DEL-LIBRO.-Cartel-gral-JPG-768x1086.jpg 768w, https:\/\/mediocudeyo.es\/web\/wp-content\/uploads\/2024\/04\/DIA-DEL-LIBRO.-Cartel-gral-JPG-1086x1536.jpg 1086w, https:\/\/mediocudeyo.es\/web\/wp-content\/uploads\/2024\/04\/DIA-DEL-LIBRO.-Cartel-gral-JPG-1448x2048.jpg 1448w, https:\/\/mediocudeyo.es\/web\/wp-content\/uploads\/2024\/04\/DIA-DEL-LIBRO.-Cartel-gral-JPG.jpg 1587w\" sizes=\"(max-width: 212px) 100vw, 212px\" \/><\/div>\n<div data-offset-key=\"70oad-0-0\"><\/div>\n<div data-contents=\"true\">\n<div class=\"\" data-block=\"true\" data-editor=\"emb0p\" data-offset-key=\"1aoas-0-0\">\n<div class=\"_1mf _1mj\" data-offset-key=\"1aoas-0-0\"><span data-offset-key=\"1aoas-0-0\">La Concejal\u00eda de Cultura del Ayuntamiento de Medio Cudeyo organiza el IV Concurso literario \u201cCentro Cultural Ram\u00f3n Pelayo\u201d de relato corto desde la Bilbioteca Municipal para el fomento de la lectura y escritura.\u270d\ufe0f\u270f\ufe0f<\/span><\/div>\n<\/div>\n<div class=\"\" data-block=\"true\" data-editor=\"emb0p\" data-offset-key=\"8mc3l-0-0\">\n<div class=\"_1mf _1mj\" data-offset-key=\"8mc3l-0-0\"><span data-offset-key=\"8mc3l-0-0\">\u00a0<\/span><\/div>\n<\/div>\n<div class=\"\" data-block=\"true\" data-editor=\"emb0p\" data-offset-key=\"chv85-0-0\">\n<div class=\"_1mf _1mj\" data-offset-key=\"chv85-0-0\"><span data-offset-key=\"chv85-0-0\">\ud83d\udd34Podr\u00e1n participar en el concurso todas las personas f\u00edsicas mayores de 18 a\u00f1os y\/o escritores, cualquiera que sea su nacionalidad o lugar de residencia, que presenten obras originales, in\u00e9ditas, no premiadas en otros cert\u00e1menes y escritas en castellano.<\/span><\/div>\n<\/div>\n<\/div>\n<div class=\"_1mf _1mj\" data-offset-key=\"73lke-0-0\"><span data-offset-key=\"73lke-0-0\">\u00a0<\/span><\/div>\n<div data-offset-key=\"73lke-0-0\">Bases completas del concurso aqu\u00ed: <a href=\"https:\/\/mediocudeyo.es\/web\/wp-content\/uploads\/2024\/04\/DIA-DEL-LIBRO-BASES.-IV-Concurso-Literario-RELATO-CORTO.pdf\">D\u00cdA DEL LIBRO BASES. IV Concurso Literario RELATO CORTO<\/a><\/div>\n<div data-contents=\"true\">\n<div class=\"\" data-block=\"true\" data-editor=\"emb0p\" data-offset-key=\"868bq-0-0\">\n<div class=\"_1mf _1mj\" data-offset-key=\"868bq-0-0\"><span data-offset-key=\"868bq-0-0\">\u00a0<\/span><\/div>\n<\/div>\n<div class=\"\" data-block=\"true\" data-editor=\"emb0p\" data-offset-key=\"dmj1q-0-0\">\n<div class=\"_1mf _1mj\" data-offset-key=\"dmj1q-0-0\"><\/div>\n<\/div>\n<\/div>\n","protected":false},"excerpt":{"rendered":"<p>\ud83d\udcda\ud83d\udcd6 IV CONCURSO LITERARIO \u201cCentro Cultural Ram\u00f3n Pelayo\u201d de relato corto. \u00a0 La Concejal\u00eda de Cultura del Ayuntamiento de Medio Cudeyo organiza el IV Concurso literario \u201cCentro Cultural Ram\u00f3n Pelayo\u201d [&hellip;]<\/p>\n","protected":false},"author":4,"featured_media":22236,"comment_status":"closed","ping_status":"closed","sticky":false,"template":"","format":"standard","meta":{"footnotes":""},"categories":[35,37,59],"tags":[84,374,58,238,715],"class_list":["post-22234","post","type-post","status-publish","format-standard","has-post-thumbnail","hentry","category-biblioteca","category-centro-cultural","category-cultura","tag-biblioteca","tag-biblioteca-municipal","tag-centro-cultural-ramon-pelayo","tag-cultura","tag-relato"],"_links":{"self":[{"href":"https:\/\/mediocudeyo.es\/web\/wp-json\/wp\/v2\/posts\/22234"}],"collection":[{"href":"https:\/\/mediocudeyo.es\/web\/wp-json\/wp\/v2\/posts"}],"about":[{"href":"https:\/\/mediocudeyo.es\/web\/wp-json\/wp\/v2\/types\/post"}],"author":[{"embeddable":true,"href":"https:\/\/mediocudeyo.es\/web\/wp-json\/wp\/v2\/users\/4"}],"replies":[{"embeddable":true,"href":"https:\/\/mediocudeyo.es\/web\/wp-json\/wp\/v2\/comments?post=22234"}],"version-history":[{"count":1,"href":"https:\/\/mediocudeyo.es\/web\/wp-json\/wp\/v2\/posts\/22234\/revisions"}],"predecessor-version":[{"id":22238,"href":"https:\/\/mediocudeyo.es\/web\/wp-json\/wp\/v2\/posts\/22234\/revisions\/22238"}],"wp:featuredmedia":[{"embeddable":true,"href":"https:\/\/mediocudeyo.es\/web\/wp-json\/wp\/v2\/media\/22236"}],"wp:attachment":[{"href":"https:\/\/mediocudeyo.es\/web\/wp-json\/wp\/v2\/media?parent=22234"}],"wp:term":[{"taxonomy":"category","embeddable":true,"href":"https:\/\/mediocudeyo.es\/web\/wp-json\/wp\/v2\/categories?post=22234"},{"taxonomy":"post_tag","embeddable":true,"href":"https:\/\/mediocudeyo.es\/web\/wp-json\/wp\/v2\/tags?post=22234"}],"curies":[{"name":"wp","href":"https:\/\/api.w.org\/{rel}","templated":true}]}}