{"id":22239,"date":"2024-04-29T13:29:59","date_gmt":"2024-04-29T13:29:59","guid":{"rendered":"https:\/\/mediocudeyo.es\/web\/?p=22239"},"modified":"2024-05-08T14:11:39","modified_gmt":"2024-05-08T14:11:39","slug":"exposicion-fotografica-de-jose-luis-irigoien-sahara-campamentos-de-poblacion-refugiada-sahataui","status":"publish","type":"post","link":"https:\/\/mediocudeyo.es\/web\/exposicion-fotografica-de-jose-luis-irigoien-sahara-campamentos-de-poblacion-refugiada-sahataui\/","title":{"rendered":"Exposici\u00f3n Fotogr\u00e1fica de Jos\u00e9 Luis Irigoien \u00abS\u00c1HARA\u00bb Campamentos de poblaci\u00f3n refugiada Saharaui"},"content":{"rendered":"<div class=\"x11i5rnm xat24cr x1mh8g0r x1vvkbs xtlvy1s x126k92a\">\n<div dir=\"auto\">\n<div class=\"\" dir=\"auto\">\n<div id=\":r6b:\" class=\"x1iorvi4 x1pi30zi x1l90r2v x1swvt13\" data-ad-comet-preview=\"message\" data-ad-preview=\"message\">\n<div class=\"x78zum5 xdt5ytf xz62fqu x16ldp7u\">\n<div class=\"xu06os2 x1ok221b\">\n<div class=\"xdj266r x11i5rnm xat24cr x1mh8g0r x1vvkbs x126k92a\">\n<div dir=\"auto\">En mayo os traemos una nueva exposici\u00f3n al centro cultural, gracias a Cantabria por el S\u00e1hara, titulada \u201cS\u00e1hara. Campamentos de poblaci\u00f3n refugiada saharaui\u201d.<\/div>\n<\/div>\n<div class=\"x11i5rnm xat24cr x1mh8g0r x1vvkbs xtlvy1s x126k92a\">\n<div dir=\"auto\">Del 6 de mayo al 20 de mayo, y cuya inauguraci\u00f3n se llevar\u00e1 a cabo el jueves 9 a las 18:30h donde se podr\u00e1 participar de una visita guiada por la propia entidad.<\/div>\n<\/div>\n<div class=\"x11i5rnm xat24cr x1mh8g0r x1vvkbs xtlvy1s x126k92a\">\n<div dir=\"auto\">\n<p>Podr\u00e9is visitarla:<\/p>\n<div class=\"x11i5rnm xat24cr x1mh8g0r x1vvkbs xtlvy1s x126k92a\">\n<div dir=\"auto\"><span class=\"x3nfvp2 x1j61x8r x1fcty0u xdj266r xhhsvwb xat24cr xgzva0m xxymvpz xlup9mm x1kky2od\"><img decoding=\"async\" class=\"xz74otr\" src=\"https:\/\/static.xx.fbcdn.net\/images\/emoji.php\/v9\/t34\/1\/16\/23f0.png\" alt=\"\u23f0\" width=\"16\" height=\"16\" \/><\/span>Horario del Centro Cultural:<\/div>\n<div dir=\"auto\">De lunes a viernes 09:00 a 15:00 y de 16:00 a 20:30 horas.<\/div>\n<div dir=\"auto\">S\u00e1bados de 09:00 a14:00 horas.<\/div>\n<\/div>\n<\/div>\n<\/div>\n<\/div>\n<\/div>\n<\/div>\n<\/div>\n<\/div>\n<\/div>\n<p><img fetchpriority=\"high\" decoding=\"async\" class=\"alignnone size-medium wp-image-22240\" src=\"https:\/\/mediocudeyo.es\/web\/wp-content\/uploads\/2024\/04\/EXPO-Cantabria-por-el-sahara-CARTEL-JPG-212x300.jpg\" alt=\"\" width=\"212\" height=\"300\" srcset=\"https:\/\/mediocudeyo.es\/web\/wp-content\/uploads\/2024\/04\/EXPO-Cantabria-por-el-sahara-CARTEL-JPG-212x300.jpg 212w, https:\/\/mediocudeyo.es\/web\/wp-content\/uploads\/2024\/04\/EXPO-Cantabria-por-el-sahara-CARTEL-JPG-724x1024.jpg 724w, https:\/\/mediocudeyo.es\/web\/wp-content\/uploads\/2024\/04\/EXPO-Cantabria-por-el-sahara-CARTEL-JPG-768x1086.jpg 768w, https:\/\/mediocudeyo.es\/web\/wp-content\/uploads\/2024\/04\/EXPO-Cantabria-por-el-sahara-CARTEL-JPG.jpg 842w\" sizes=\"(max-width: 212px) 100vw, 212px\" \/><\/p>\n<div class=\"x11i5rnm xat24cr x1mh8g0r x1vvkbs xtlvy1s x126k92a\">\n<div dir=\"auto\">\u00a1Os esperamos!<\/div>\n<\/div>\n<p>&nbsp;<\/p>\n","protected":false},"excerpt":{"rendered":"<p>En mayo os traemos una nueva exposici\u00f3n al centro cultural, gracias a Cantabria por el S\u00e1hara, titulada \u201cS\u00e1hara. Campamentos de poblaci\u00f3n refugiada saharaui\u201d. Del 6 de mayo al 20 de [&hellip;]<\/p>\n","protected":false},"author":4,"featured_media":22240,"comment_status":"closed","ping_status":"closed","sticky":false,"template":"","format":"standard","meta":{"footnotes":""},"categories":[37],"tags":[58],"class_list":["post-22239","post","type-post","status-publish","format-standard","has-post-thumbnail","hentry","category-centro-cultural","tag-centro-cultural-ramon-pelayo"],"_links":{"self":[{"href":"https:\/\/mediocudeyo.es\/web\/wp-json\/wp\/v2\/posts\/22239"}],"collection":[{"href":"https:\/\/mediocudeyo.es\/web\/wp-json\/wp\/v2\/posts"}],"about":[{"href":"https:\/\/mediocudeyo.es\/web\/wp-json\/wp\/v2\/types\/post"}],"author":[{"embeddable":true,"href":"https:\/\/mediocudeyo.es\/web\/wp-json\/wp\/v2\/users\/4"}],"replies":[{"embeddable":true,"href":"https:\/\/mediocudeyo.es\/web\/wp-json\/wp\/v2\/comments?post=22239"}],"version-history":[{"count":3,"href":"https:\/\/mediocudeyo.es\/web\/wp-json\/wp\/v2\/posts\/22239\/revisions"}],"predecessor-version":[{"id":22372,"href":"https:\/\/mediocudeyo.es\/web\/wp-json\/wp\/v2\/posts\/22239\/revisions\/22372"}],"wp:featuredmedia":[{"embeddable":true,"href":"https:\/\/mediocudeyo.es\/web\/wp-json\/wp\/v2\/media\/22240"}],"wp:attachment":[{"href":"https:\/\/mediocudeyo.es\/web\/wp-json\/wp\/v2\/media?parent=22239"}],"wp:term":[{"taxonomy":"category","embeddable":true,"href":"https:\/\/mediocudeyo.es\/web\/wp-json\/wp\/v2\/categories?post=22239"},{"taxonomy":"post_tag","embeddable":true,"href":"https:\/\/mediocudeyo.es\/web\/wp-json\/wp\/v2\/tags?post=22239"}],"curies":[{"name":"wp","href":"https:\/\/api.w.org\/{rel}","templated":true}]}}