{"id":22262,"date":"2024-04-26T08:28:29","date_gmt":"2024-04-26T08:28:29","guid":{"rendered":"https:\/\/mediocudeyo.es\/web\/?p=22262"},"modified":"2024-04-29T06:45:20","modified_gmt":"2024-04-29T06:45:20","slug":"taller-de-acuarela-nivel-basico-para-adultos","status":"publish","type":"post","link":"https:\/\/mediocudeyo.es\/web\/taller-de-acuarela-nivel-basico-para-adultos\/","title":{"rendered":"Taller de Acuarela nivel b\u00e1sico para adultos"},"content":{"rendered":"<p><span data-surface-wrapper=\"1\" data-surface=\"\/bizweb:composer\" data-auto-logging-id=\"f3a6da6eb7c7b5a\">\ud83c\udfa8<\/span>Este taller es un curso de iniciaci\u00f3n b\u00e1sico de acuarela, se ense\u00f1an las t\u00e9cnicas fundamentales que permiten dominarla. Desde la aplicaci\u00f3n de agua y pigmento hasta la mezcla de colores.<\/p>\n<p><span data-offset-key=\"vsj1-0-0\">\u23f0<\/span>La duraci\u00f3n del taller ser\u00e1 2 horas. El taller tendr\u00e1 una estructura con ejercicios pr\u00e1cticos para que los participantes pinten las t\u00e9cnicas aprendidas.<\/p>\n<p><span data-surface-wrapper=\"1\" data-surface=\"\/bizweb:composer\" data-auto-logging-id=\"f3a6da6eb7c7b5a\">\ud83d\udccc<\/span>\u00a0Los trabajo y ejercicios ser\u00e1n simples, se ense\u00f1ar\u00e1n las diferentes formas de pintar con acuarela, la mezcla de colores para lograr tonos espec\u00edficos y la carga del pincel.<\/p>\n<p><span data-surface-wrapper=\"1\" data-surface=\"\/bizweb:composer\" data-auto-logging-id=\"f3a6da6eb7c7b5a\">\ud83c\udfa8<\/span>El taller est\u00e1 dise\u00f1ado para inspirar la creatividad y expandir las habilidades art\u00edsticas.<\/p>\n<p><img fetchpriority=\"high\" decoding=\"async\" class=\"alignnone size-medium wp-image-22263\" src=\"https:\/\/mediocudeyo.es\/web\/wp-content\/uploads\/2024\/04\/TALLER-ACUARELA-CARTEL-JPG-212x300.jpg\" alt=\"\" width=\"212\" height=\"300\" srcset=\"https:\/\/mediocudeyo.es\/web\/wp-content\/uploads\/2024\/04\/TALLER-ACUARELA-CARTEL-JPG-212x300.jpg 212w, https:\/\/mediocudeyo.es\/web\/wp-content\/uploads\/2024\/04\/TALLER-ACUARELA-CARTEL-JPG-724x1024.jpg 724w, https:\/\/mediocudeyo.es\/web\/wp-content\/uploads\/2024\/04\/TALLER-ACUARELA-CARTEL-JPG-768x1086.jpg 768w, https:\/\/mediocudeyo.es\/web\/wp-content\/uploads\/2024\/04\/TALLER-ACUARELA-CARTEL-JPG-1086x1536.jpg 1086w, https:\/\/mediocudeyo.es\/web\/wp-content\/uploads\/2024\/04\/TALLER-ACUARELA-CARTEL-JPG-1448x2048.jpg 1448w, https:\/\/mediocudeyo.es\/web\/wp-content\/uploads\/2024\/04\/TALLER-ACUARELA-CARTEL-JPG.jpg 1587w\" sizes=\"(max-width: 212px) 100vw, 212px\" \/><\/p>\n<div class=\"\" data-block=\"true\" data-editor=\"e1cc5\" data-offset-key=\"cuekc-0-0\">\n<div class=\"_1mf _1mj\" data-offset-key=\"cuekc-0-0\"><span data-offset-key=\"cuekc-0-0\">\ud83d\udcc5 S\u00c1BADO 25 de mayo.<\/span><\/div>\n<\/div>\n<div class=\"\" data-block=\"true\" data-editor=\"e1cc5\" data-offset-key=\"vsj1-0-0\">\n<div class=\"_1mf _1mj\" data-offset-key=\"vsj1-0-0\"><span data-offset-key=\"vsj1-0-0\"> \u23f017:00 a 19:00h<br \/>\n<\/span><\/div>\n<div data-offset-key=\"vsj1-0-0\"><span data-surface-wrapper=\"1\" data-surface=\"\/bizweb:composer\" data-auto-logging-id=\"f3a6da6eb7c7b5a\">\ud83c\udfe0En el \u00abAula Cultural de Pintores\u00bb de Heras.<br \/>\n<\/span><\/div>\n<div data-offset-key=\"vsj1-0-0\"><\/div>\n<div data-offset-key=\"vsj1-0-0\"><span data-offset-key=\"616ad-0-0\">\u27a1\ufe0f <\/span>Taller para adultos<\/div>\n<\/div>\n<div class=\"\" data-block=\"true\" data-editor=\"e1cc5\" data-offset-key=\"f3n9s-0-0\">\n<div class=\"_1mf _1mj\" data-offset-key=\"f3n9s-0-0\"><span data-offset-key=\"f3n9s-0-0\">\u2139\ufe0f Actividad GRATUITA. Plazas limitadas.<\/span><\/div>\n<\/div>\n<div class=\"\" data-block=\"true\" data-editor=\"e1cc5\" data-offset-key=\"am5l9-0-0\">\n<div class=\"_1mf _1mj\" data-offset-key=\"am5l9-0-0\"><span data-offset-key=\"am5l9-0-0\">\ud83d\udd39 El d\u00eda previo a la actividad se llamar\u00e1 a las personas que hayan obtenido plaza.<\/span><\/div>\n<\/div>\n<div class=\"\" data-block=\"true\" data-editor=\"e1cc5\" data-offset-key=\"bh1i3-0-0\">\n<div class=\"_1mf _1mj\" data-offset-key=\"bh1i3-0-0\"><span data-offset-key=\"bh1i3-0-0\">\u00a0<\/span><\/div>\n<\/div>\n<div class=\"\" data-block=\"true\" data-editor=\"e1cc5\" data-offset-key=\"616ad-0-0\">\n<div class=\"_1mf _1mj\" data-offset-key=\"616ad-0-0\"><span data-offset-key=\"616ad-0-0\">\u27a1\ufe0f Imprescindible inscribirse:<\/span><\/div>\n<\/div>\n<div class=\"\" data-block=\"true\" data-editor=\"e1cc5\" data-offset-key=\"ddmrb-0-0\">\n<div class=\"_1mf _1mj\" data-offset-key=\"ddmrb-0-0\"><span data-offset-key=\"ddmrb-0-0\">\u260e 942 52 26 85 (Tambi\u00e9n por WhatsApp al mismo n\u00famero)<\/span><\/div>\n<\/div>\n<div class=\"\" data-block=\"true\" data-editor=\"e1cc5\" data-offset-key=\"bq374-0-0\">\n<div class=\"_1mf _1mj\" data-offset-key=\"bq374-0-0\"><span data-offset-key=\"bq374-0-0\">\ud83d\udce7Centrocultural@mediocudeyo.es<\/span><\/div>\n<\/div>\n","protected":false},"excerpt":{"rendered":"<p>\ud83c\udfa8Este taller es un curso de iniciaci\u00f3n b\u00e1sico de acuarela, se ense\u00f1an las t\u00e9cnicas fundamentales que permiten dominarla. Desde la aplicaci\u00f3n de agua y pigmento hasta la mezcla de colores. [&hellip;]<\/p>\n","protected":false},"author":4,"featured_media":22263,"comment_status":"closed","ping_status":"closed","sticky":false,"template":"","format":"standard","meta":{"footnotes":""},"categories":[59],"tags":[717],"class_list":["post-22262","post","type-post","status-publish","format-standard","has-post-thumbnail","hentry","category-cultura","tag-taller-de-acuarela"],"_links":{"self":[{"href":"https:\/\/mediocudeyo.es\/web\/wp-json\/wp\/v2\/posts\/22262"}],"collection":[{"href":"https:\/\/mediocudeyo.es\/web\/wp-json\/wp\/v2\/posts"}],"about":[{"href":"https:\/\/mediocudeyo.es\/web\/wp-json\/wp\/v2\/types\/post"}],"author":[{"embeddable":true,"href":"https:\/\/mediocudeyo.es\/web\/wp-json\/wp\/v2\/users\/4"}],"replies":[{"embeddable":true,"href":"https:\/\/mediocudeyo.es\/web\/wp-json\/wp\/v2\/comments?post=22262"}],"version-history":[{"count":3,"href":"https:\/\/mediocudeyo.es\/web\/wp-json\/wp\/v2\/posts\/22262\/revisions"}],"predecessor-version":[{"id":22271,"href":"https:\/\/mediocudeyo.es\/web\/wp-json\/wp\/v2\/posts\/22262\/revisions\/22271"}],"wp:featuredmedia":[{"embeddable":true,"href":"https:\/\/mediocudeyo.es\/web\/wp-json\/wp\/v2\/media\/22263"}],"wp:attachment":[{"href":"https:\/\/mediocudeyo.es\/web\/wp-json\/wp\/v2\/media?parent=22262"}],"wp:term":[{"taxonomy":"category","embeddable":true,"href":"https:\/\/mediocudeyo.es\/web\/wp-json\/wp\/v2\/categories?post=22262"},{"taxonomy":"post_tag","embeddable":true,"href":"https:\/\/mediocudeyo.es\/web\/wp-json\/wp\/v2\/tags?post=22262"}],"curies":[{"name":"wp","href":"https:\/\/api.w.org\/{rel}","templated":true}]}}