{"id":22293,"date":"2024-05-02T13:22:00","date_gmt":"2024-05-02T13:22:00","guid":{"rendered":"https:\/\/mediocudeyo.es\/web\/?p=22293"},"modified":"2024-12-17T12:08:17","modified_gmt":"2024-12-17T10:08:17","slug":"reto-lector-de-mayo-2","status":"publish","type":"post","link":"https:\/\/mediocudeyo.es\/web\/reto-lector-de-mayo-2\/","title":{"rendered":"Reto lector de Mayo"},"content":{"rendered":"<div class=\"\" data-block=\"true\" data-editor=\"afelh\" data-offset-key=\"8q6d0-0-0\">\n<div class=\"_1mf _1mj\" data-offset-key=\"8q6d0-0-0\"><span data-offset-key=\"8q6d0-0-0\">\u00a1\u00a1Nuevo y divertido reto lector!!\u203c\ud83d\udcd6<\/span><\/div>\n<\/div>\n<div class=\"\" data-block=\"true\" data-editor=\"afelh\" data-offset-key=\"7np6f-0-0\">\n<div class=\"_1mf _1mj\" data-offset-key=\"7np6f-0-0\"><span data-offset-key=\"7np6f-0-0\">\u00a0<\/span><\/div>\n<\/div>\n<div class=\"\" data-block=\"true\" data-editor=\"afelh\" data-offset-key=\"7urij-0-0\">\n<div class=\"_1mf _1mj\" data-offset-key=\"7urij-0-0\"><span data-offset-key=\"7urij-0-0\">En Mayo, \u00a1A la b\u00fasqueda del pitufo ando!<\/span><\/div>\n<\/div>\n<div class=\"\" data-block=\"true\" data-editor=\"afelh\" data-offset-key=\"45as-0-0\">\n<div class=\"_1mf _1mj\" data-offset-key=\"45as-0-0\"><span data-offset-key=\"45as-0-0\">\u00a1Los pitufos de la balda del PIM se han escapado! \u00a1Ay\u00fadanos a encontrarlos y participar\u00e1s del nuevo reto lector de mayo!\ud83e\uddd0\ud83d\ude0f<\/span><\/div>\n<\/div>\n<div class=\"\" data-block=\"true\" data-editor=\"afelh\" data-offset-key=\"61vb0-0-0\">\n<div class=\"_1mf _1mj\" data-offset-key=\"61vb0-0-0\"><span data-offset-key=\"61vb0-0-0\">\u00a0<\/span><\/div>\n<\/div>\n<div class=\"\" data-block=\"true\" data-editor=\"afelh\" data-offset-key=\"8vqad-0-0\">\n<div class=\"_1mf _1mj\" data-offset-key=\"8vqad-0-0\"><span data-offset-key=\"8vqad-0-0\">\u25b6\ufe0f Recuerda que al participar entrar\u00e1s en el sorteo de un \u00abVale Regalo\u00bb de 20\u20ac para usar en las librer\u00edas de Medio Cudeyo \ud83e\udd29<\/span><\/div>\n<\/div>\n<div class=\"\" data-block=\"true\" data-editor=\"afelh\" data-offset-key=\"brdpc-0-0\">\n<div class=\"_1mf _1mj\" data-offset-key=\"brdpc-0-0\"><span data-offset-key=\"brdpc-0-0\">\u00a0<\/span><\/div>\n<\/div>\n<div class=\"\" data-block=\"true\" data-editor=\"afelh\" data-offset-key=\"209qq-0-0\">\n<div class=\"_1mf _1mj\" data-offset-key=\"209qq-0-0\"><span data-offset-key=\"209qq-0-0\">\u2139\ufe0f M\u00c1S INFORMACI\u00d3N en el Punto de informaci\u00f3n Municipal:<\/span><\/div>\n<\/div>\n<div class=\"\" data-block=\"true\" data-editor=\"afelh\" data-offset-key=\"b9uo1-0-0\">\n<div class=\"_1mf _1mj\" data-offset-key=\"b9uo1-0-0\"><span data-offset-key=\"b9uo1-0-0\">\u23f0 De lunes a viernes 9:00 a 15:00 horas y de 16:00 a 20:30h. S\u00e1bados de 9:00 a 14:00h<\/span><\/div>\n<\/div>\n<div class=\"\" data-block=\"true\" data-editor=\"afelh\" data-offset-key=\"fvhjf-0-0\">\n<div class=\"_1mf _1mj\" data-offset-key=\"fvhjf-0-0\"><span data-offset-key=\"fvhjf-0-0\">\u260e\ufe0f Tel\u00e9fono: 942 522 685.<\/span><\/div>\n<\/div>\n<div class=\"\" data-block=\"true\" data-editor=\"afelh\" data-offset-key=\"7o2p5-0-0\">\n<div class=\"_1mf _1mj\" data-offset-key=\"7o2p5-0-0\"><img fetchpriority=\"high\" decoding=\"async\" class=\"alignnone size-medium wp-image-22294\" src=\"https:\/\/mediocudeyo.es\/web\/wp-content\/uploads\/2024\/05\/BIBLIOTECA.-Reto-lector-CARTEL-JPG-212x300.jpg\" alt=\"\" width=\"212\" height=\"300\" srcset=\"https:\/\/mediocudeyo.es\/web\/wp-content\/uploads\/2024\/05\/BIBLIOTECA.-Reto-lector-CARTEL-JPG-212x300.jpg 212w, https:\/\/mediocudeyo.es\/web\/wp-content\/uploads\/2024\/05\/BIBLIOTECA.-Reto-lector-CARTEL-JPG-724x1024.jpg 724w, https:\/\/mediocudeyo.es\/web\/wp-content\/uploads\/2024\/05\/BIBLIOTECA.-Reto-lector-CARTEL-JPG-768x1086.jpg 768w, https:\/\/mediocudeyo.es\/web\/wp-content\/uploads\/2024\/05\/BIBLIOTECA.-Reto-lector-CARTEL-JPG-1086x1536.jpg 1086w, https:\/\/mediocudeyo.es\/web\/wp-content\/uploads\/2024\/05\/BIBLIOTECA.-Reto-lector-CARTEL-JPG-1448x2048.jpg 1448w, https:\/\/mediocudeyo.es\/web\/wp-content\/uploads\/2024\/05\/BIBLIOTECA.-Reto-lector-CARTEL-JPG.jpg 1587w\" sizes=\"(max-width: 212px) 100vw, 212px\" \/><\/div>\n<\/div>\n<div data-offset-key=\"7o2p5-0-0\">\n<p>Enlace: <span class=\"emoji\">\ud83d\udd17<\/span> \u00a0 <a href=\"https:\/\/mediocudeyo.es\/web\/wp-content\/uploads\/2024\/12\/CONDICIONES.-Vales-regalo.pdf\">Consulta las condiciones del vale regalo.<\/a><\/p>\n<p>Toda esta informaci\u00f3n tambi\u00e9n la tienes disponible en nuestra p\u00e1gina web \ud83c\udf10:<a href=\"http:\/\/: https:\/\/www.bibliotecaspublicas.es\/mediocudeyo\">http:\/\/: https:\/\/www.bibliotecaspublicas.es\/mediocudeyo<\/a><\/p>\n<\/div>\n","protected":false},"excerpt":{"rendered":"<p>\u00a1\u00a1Nuevo y divertido reto lector!!\u203c\ud83d\udcd6 \u00a0 En Mayo, \u00a1A la b\u00fasqueda del pitufo ando! \u00a1Los pitufos de la balda del PIM se han escapado! \u00a1Ay\u00fadanos a encontrarlos y participar\u00e1s del [&hellip;]<\/p>\n","protected":false},"author":4,"featured_media":22294,"comment_status":"closed","ping_status":"closed","sticky":false,"template":"","format":"standard","meta":{"footnotes":""},"categories":[35,37],"tags":[374,58,456],"class_list":["post-22293","post","type-post","status-publish","format-standard","has-post-thumbnail","hentry","category-biblioteca","category-centro-cultural","tag-biblioteca-municipal","tag-centro-cultural-ramon-pelayo","tag-reto-lector"],"_links":{"self":[{"href":"https:\/\/mediocudeyo.es\/web\/wp-json\/wp\/v2\/posts\/22293"}],"collection":[{"href":"https:\/\/mediocudeyo.es\/web\/wp-json\/wp\/v2\/posts"}],"about":[{"href":"https:\/\/mediocudeyo.es\/web\/wp-json\/wp\/v2\/types\/post"}],"author":[{"embeddable":true,"href":"https:\/\/mediocudeyo.es\/web\/wp-json\/wp\/v2\/users\/4"}],"replies":[{"embeddable":true,"href":"https:\/\/mediocudeyo.es\/web\/wp-json\/wp\/v2\/comments?post=22293"}],"version-history":[{"count":3,"href":"https:\/\/mediocudeyo.es\/web\/wp-json\/wp\/v2\/posts\/22293\/revisions"}],"predecessor-version":[{"id":23558,"href":"https:\/\/mediocudeyo.es\/web\/wp-json\/wp\/v2\/posts\/22293\/revisions\/23558"}],"wp:featuredmedia":[{"embeddable":true,"href":"https:\/\/mediocudeyo.es\/web\/wp-json\/wp\/v2\/media\/22294"}],"wp:attachment":[{"href":"https:\/\/mediocudeyo.es\/web\/wp-json\/wp\/v2\/media?parent=22293"}],"wp:term":[{"taxonomy":"category","embeddable":true,"href":"https:\/\/mediocudeyo.es\/web\/wp-json\/wp\/v2\/categories?post=22293"},{"taxonomy":"post_tag","embeddable":true,"href":"https:\/\/mediocudeyo.es\/web\/wp-json\/wp\/v2\/tags?post=22293"}],"curies":[{"name":"wp","href":"https:\/\/api.w.org\/{rel}","templated":true}]}}