{"id":22301,"date":"2024-05-09T06:15:46","date_gmt":"2024-05-09T06:15:46","guid":{"rendered":"https:\/\/mediocudeyo.es\/web\/?p=22301"},"modified":"2024-05-09T06:15:46","modified_gmt":"2024-05-09T06:15:46","slug":"filmoteca-regional-as-bestas-de-rodrigo-sorogoyen","status":"publish","type":"post","link":"https:\/\/mediocudeyo.es\/web\/filmoteca-regional-as-bestas-de-rodrigo-sorogoyen\/","title":{"rendered":"Filmoteca Regional: \u00abAs Bestas\u00bb de Rodrigo Sorogoyen."},"content":{"rendered":"<div class=\"\" data-block=\"true\" data-editor=\"a68iv\" data-offset-key=\"1mnu2-0-0\">\n<div class=\"_1mf _1mj\" data-offset-key=\"1mnu2-0-0\"><span data-offset-key=\"1mnu2-0-0\">\ud83d\udcc6Esta semana disfrutaremos en el Centro Cultural, de la mano de la Filmoteca Regional, de: \u00abAs Bestas\u00bb de Rodrigo Sorogoyen (Espa\u00f1a).<\/span><\/div>\n<div data-offset-key=\"1mnu2-0-0\"><\/div>\n<\/div>\n<div class=\"\" data-block=\"true\" data-editor=\"a68iv\" data-offset-key=\"fq680-0-0\">\n<div class=\"_1mf _1mj\" data-offset-key=\"fq680-0-0\"><span data-offset-key=\"fq680-0-0\">\u25b6\ufe0f Sinopsis: Antoine y Olga son una pareja francesa que se instal\u00f3 hace tiempo en una aldea del interior de Galicia. All\u00ed llevan una vida tranquila, aunque su convivencia con los lugare\u00f1os no es tan id\u00edlica como desear\u00edan. Un conflicto con sus vecinos, los hermanos Anta, har\u00e1 que la tensi\u00f3n crezca en la aldea hasta alcanzar un punto de no retorno.<br \/>\n<\/span><\/div>\n<\/div>\n<div data-offset-key=\"fq680-0-0\"><\/div>\n<div data-offset-key=\"fq680-0-0\"><img fetchpriority=\"high\" decoding=\"async\" class=\"alignnone size-medium wp-image-22304\" src=\"https:\/\/mediocudeyo.es\/web\/wp-content\/uploads\/2024\/05\/Domingo-12-de-mayo-240x300.jpg\" alt=\"\" width=\"240\" height=\"300\" srcset=\"https:\/\/mediocudeyo.es\/web\/wp-content\/uploads\/2024\/05\/Domingo-12-de-mayo-240x300.jpg 240w, https:\/\/mediocudeyo.es\/web\/wp-content\/uploads\/2024\/05\/Domingo-12-de-mayo-819x1024.jpg 819w, https:\/\/mediocudeyo.es\/web\/wp-content\/uploads\/2024\/05\/Domingo-12-de-mayo-768x960.jpg 768w, https:\/\/mediocudeyo.es\/web\/wp-content\/uploads\/2024\/05\/Domingo-12-de-mayo.jpg 1080w\" sizes=\"(max-width: 240px) 100vw, 240px\" \/><\/div>\n<div data-offset-key=\"fq680-0-0\"><\/div>\n<div data-offset-key=\"fq680-0-0\"><span class=\"x3nfvp2 x1j61x8r x1fcty0u xdj266r xhhsvwb xat24cr xgzva0m xxymvpz xlup9mm x1kky2od\"><img decoding=\"async\" class=\"xz74otr\" src=\"https:\/\/static.xx.fbcdn.net\/images\/emoji.php\/v9\/t40\/1\/16\/25b6.png\" alt=\"\u25b6\ufe0f\" width=\"16\" height=\"16\" \/><\/span> <strong>Tr\u00e1iler:<\/strong><\/div>\n<div data-offset-key=\"fq680-0-0\">\n<p><iframe title=\"As bestas - Tr\u00e1iler oficial\" frameborder=\"0\" width=\"500\" height=\"212\" src=\"https:\/\/geo.dailymotion.com\/player.html?video=x8ev50c&#038;\" allowfullscreen allow=\"autoplay; fullscreen; picture-in-picture; web-share\"><\/iframe><\/p>\n<\/div>\n<div data-offset-key=\"fq680-0-0\"><\/div>\n<div data-offset-key=\"fq680-0-0\"><\/div>\n<div data-offset-key=\"fq680-0-0\">\n<div data-contents=\"true\">\n<div class=\"\" data-block=\"true\" data-editor=\"a68iv\" data-offset-key=\"9v4hj-0-0\">\n<div class=\"_1mf _1mj\" data-offset-key=\"9v4hj-0-0\"><span data-offset-key=\"9v4hj-0-0\">\ud83d\udcc5 Domingo 12 de mayo \u23f0 19:30h.<\/span><\/div>\n<\/div>\n<div class=\"\" data-block=\"true\" data-editor=\"a68iv\" data-offset-key=\"5f1kv-0-0\">\n<div class=\"_1mf _1mj\" data-offset-key=\"5f1kv-0-0\"><span data-offset-key=\"5f1kv-0-0\">\ud83d\udcb5 Entrada: 1,5\u20ac \u2013 venta directa en taquilla desde media hora antes.<\/span><\/div>\n<\/div>\n<\/div>\n<div data-offset-key=\"58rbs-0-0\"><\/div>\n<div data-contents=\"true\">\n<div class=\"\" data-block=\"true\" data-editor=\"a68iv\" data-offset-key=\"efh5t-0-0\">\n<div class=\"_1mf _1mj\" data-offset-key=\"efh5t-0-0\"><span data-offset-key=\"efh5t-0-0\">\ud83d\udd35M\u00e1s informaci\u00f3n:<\/span><\/div>\n<\/div>\n<div class=\"\" data-block=\"true\" data-editor=\"a68iv\" data-offset-key=\"6cvtu-0-0\">\n<div class=\"_1mf _1mj\" data-offset-key=\"6cvtu-0-0\"><span data-offset-key=\"6cvtu-0-0\">\ud83d\udc92 Centro Cultural Ram\u00f3n Pelayo (Solares)<\/span><\/div>\n<\/div>\n<div class=\"\" data-block=\"true\" data-editor=\"a68iv\" data-offset-key=\"ba6j6-0-0\">\n<div class=\"_1mf _1mj\" data-offset-key=\"ba6j6-0-0\"><span data-offset-key=\"ba6j6-0-0\">\u260e 942 52 26 85 (\u00f3 WhatsApp al mismo n\u00famero)<\/span><\/div>\n<\/div>\n<div class=\"\" data-block=\"true\" data-editor=\"a68iv\" data-offset-key=\"8ec6q-0-0\">\n<div class=\"_1mf _1mj\" data-offset-key=\"8ec6q-0-0\"><span data-offset-key=\"8ec6q-0-0\">\ud83d\udce7 centrocultural@mediocudeyo.es<\/span><\/div>\n<\/div>\n<\/div>\n<\/div>\n","protected":false},"excerpt":{"rendered":"<p>\ud83d\udcc6Esta semana disfrutaremos en el Centro Cultural, de la mano de la Filmoteca Regional, de: \u00abAs Bestas\u00bb de Rodrigo Sorogoyen (Espa\u00f1a). \u25b6\ufe0f Sinopsis: Antoine y Olga son una pareja francesa [&hellip;]<\/p>\n","protected":false},"author":4,"featured_media":22304,"comment_status":"closed","ping_status":"closed","sticky":false,"template":"","format":"standard","meta":{"footnotes":""},"categories":[37,59,43],"tags":[58,116,117,105],"class_list":["post-22301","post","type-post","status-publish","format-standard","has-post-thumbnail","hentry","category-centro-cultural","category-cultura","category-filmoteca","tag-centro-cultural-ramon-pelayo","tag-cine","tag-filmoteca","tag-filmoteca-regional"],"_links":{"self":[{"href":"https:\/\/mediocudeyo.es\/web\/wp-json\/wp\/v2\/posts\/22301"}],"collection":[{"href":"https:\/\/mediocudeyo.es\/web\/wp-json\/wp\/v2\/posts"}],"about":[{"href":"https:\/\/mediocudeyo.es\/web\/wp-json\/wp\/v2\/types\/post"}],"author":[{"embeddable":true,"href":"https:\/\/mediocudeyo.es\/web\/wp-json\/wp\/v2\/users\/4"}],"replies":[{"embeddable":true,"href":"https:\/\/mediocudeyo.es\/web\/wp-json\/wp\/v2\/comments?post=22301"}],"version-history":[{"count":2,"href":"https:\/\/mediocudeyo.es\/web\/wp-json\/wp\/v2\/posts\/22301\/revisions"}],"predecessor-version":[{"id":22305,"href":"https:\/\/mediocudeyo.es\/web\/wp-json\/wp\/v2\/posts\/22301\/revisions\/22305"}],"wp:featuredmedia":[{"embeddable":true,"href":"https:\/\/mediocudeyo.es\/web\/wp-json\/wp\/v2\/media\/22304"}],"wp:attachment":[{"href":"https:\/\/mediocudeyo.es\/web\/wp-json\/wp\/v2\/media?parent=22301"}],"wp:term":[{"taxonomy":"category","embeddable":true,"href":"https:\/\/mediocudeyo.es\/web\/wp-json\/wp\/v2\/categories?post=22301"},{"taxonomy":"post_tag","embeddable":true,"href":"https:\/\/mediocudeyo.es\/web\/wp-json\/wp\/v2\/tags?post=22301"}],"curies":[{"name":"wp","href":"https:\/\/api.w.org\/{rel}","templated":true}]}}