{"id":22326,"date":"2024-05-08T14:19:34","date_gmt":"2024-05-08T14:19:34","guid":{"rendered":"https:\/\/mediocudeyo.es\/web\/?p=22326"},"modified":"2024-05-08T14:19:34","modified_gmt":"2024-05-08T14:19:34","slug":"encuentros-con-autor-jose-antonio-alvarez-gomez","status":"publish","type":"post","link":"https:\/\/mediocudeyo.es\/web\/encuentros-con-autor-jose-antonio-alvarez-gomez\/","title":{"rendered":"Encuentros con autor: Jos\u00e9 Antonio \u00c1lvarez G\u00f3mez"},"content":{"rendered":"<div data-contents=\"true\">\n<div class=\"\" data-block=\"true\" data-editor=\"2np84\" data-offset-key=\"1uo6o-0-0\">\n<div data-contents=\"true\">\n<div class=\"\" data-block=\"true\" data-editor=\"2np84\" data-offset-key=\"1uo6o-0-0\">\n<div class=\"_1mf _1mj\" style=\"text-align: left\" data-offset-key=\"1uo6o-0-0\">\n<p><span data-offset-key=\"1uo6o-0-0\">\ud83d\udcc6 Vuelven los encuentros con autores, una tarde literaria nos espera en el Centro Cultural.<\/span><\/p>\n<\/div>\n<\/div>\n<\/div>\n<div style=\"text-align: left\" data-contents=\"true\">\n<div class=\"\" data-block=\"true\" data-editor=\"2np84\" data-offset-key=\"4oeh9-0-0\">\n<div class=\"_1mf _1mj\" data-offset-key=\"4oeh9-0-0\">\n<p>\ud83d\udcd6 El escritor, Jos\u00e9 Antonio \u00c1lvarez G\u00f3mez nos presentar\u00e1 su libro \u00abUna voz y una guitarra\u00bb, una biograf\u00eda de Manuel Iberia, artista y guitarrista que le acompa\u00f1ar\u00e1 durante el encuentro.<\/p>\n<\/div>\n<\/div>\n<div class=\"\" data-block=\"true\" data-editor=\"2np84\" data-offset-key=\"74tqr-0-0\">\n<div class=\"_1mf _1mj\" data-offset-key=\"74tqr-0-0\">\n<p>\u00abEsta es la biograf\u00eda apasionante de un hombre apasionado. tras las angustias de un ni\u00f1o, huerfano a sus pocos a\u00f1os, sale adelante en la lucha por la vida. Apartado de su numerosa familia es llevado a residencias que le acogieron y le ayudaron en su formaci\u00f3n como persona independiente. Con un talante positivo en la vida, supo salir adelante en todas las circunstancias en que se vi\u00f3 envuelto\u00bb.<\/p>\n<\/div>\n<\/div>\n<div class=\"\" data-block=\"true\" data-editor=\"2np84\" data-offset-key=\"eeij7-0-0\">\n<div class=\"_1mf _1mj\" data-offset-key=\"eeij7-0-0\"><span data-offset-key=\"eeij7-0-0\">\ud83d\udcc6 Jueves 23 de mayo.<\/span><\/div>\n<\/div>\n<div class=\"\" data-block=\"true\" data-editor=\"2np84\" data-offset-key=\"e3gae-0-0\">\n<div class=\"_1mf _1mj\" data-offset-key=\"e3gae-0-0\"><span data-offset-key=\"e3gae-0-0\">\u23f0 19:30 horas.<\/span><\/div>\n<\/div>\n<div class=\"\" data-block=\"true\" data-editor=\"2np84\" data-offset-key=\"3eqq8-0-0\">\n<div class=\"_1mf _1mj\" data-offset-key=\"3eqq8-0-0\">\n<p><span data-offset-key=\"3eqq8-0-0\">\u2139\ufe0f Entrada libre hasta completar aforo. Degustaci\u00f3n de caf\u00e9 para asistentes.<\/span><\/p>\n<\/div>\n<\/div>\n<\/div>\n<div data-contents=\"true\">\n<div class=\"\" style=\"text-align: left\" data-block=\"true\" data-editor=\"2np84\" data-offset-key=\"evfgi-0-0\">\n<div class=\"_1mf _1mj\" data-offset-key=\"evfgi-0-0\">\n<p>\u2139\ufe0f M\u00e1s informaci\u00f3n:<\/p>\n<\/div>\n<\/div>\n<div class=\"\" style=\"text-align: left\" data-block=\"true\" data-editor=\"2np84\" data-offset-key=\"68pjj-0-0\">\n<div class=\"_1mf _1mj\" data-offset-key=\"68pjj-0-0\"><span data-offset-key=\"68pjj-0-0\">\ud83d\udc92 Centro Cultural Ram\u00f3n Pelayo (Solares)<\/span><\/div>\n<\/div>\n<div class=\"\" style=\"text-align: left\" data-block=\"true\" data-editor=\"2np84\" data-offset-key=\"6ij6u-0-0\">\n<div class=\"_1mf _1mj\" data-offset-key=\"6ij6u-0-0\"><span data-offset-key=\"6ij6u-0-0\">\u260e 942 52 26 85 (Tambi\u00e9n por WhatsApp al mismo n\u00famero)<\/span><\/div>\n<\/div>\n<div class=\"\" data-block=\"true\" data-editor=\"2np84\" data-offset-key=\"cve86-0-0\">\n<div class=\"_1mf _1mj\" style=\"text-align: left\" data-offset-key=\"cve86-0-0\">\n<p><span data-offset-key=\"cve86-0-0\">\ud83d\udce7 centrocultural@mediocudeyo.es<\/span><\/p>\n<p>&nbsp;<\/p>\n<\/div>\n<\/div>\n<\/div>\n<\/div>\n<\/div>\n<div data-offset-key=\"cve86-0-0\"><img fetchpriority=\"high\" decoding=\"async\" class=\"alignnone size-medium wp-image-22327\" src=\"https:\/\/mediocudeyo.es\/web\/wp-content\/uploads\/2024\/05\/ENCUENTRO-CON-AUTOR.-jue-23-mayo-CARTEL-JPG-300x212.jpg\" alt=\"\" width=\"300\" height=\"212\" srcset=\"https:\/\/mediocudeyo.es\/web\/wp-content\/uploads\/2024\/05\/ENCUENTRO-CON-AUTOR.-jue-23-mayo-CARTEL-JPG-300x212.jpg 300w, https:\/\/mediocudeyo.es\/web\/wp-content\/uploads\/2024\/05\/ENCUENTRO-CON-AUTOR.-jue-23-mayo-CARTEL-JPG-1024x724.jpg 1024w, https:\/\/mediocudeyo.es\/web\/wp-content\/uploads\/2024\/05\/ENCUENTRO-CON-AUTOR.-jue-23-mayo-CARTEL-JPG-768x543.jpg 768w, https:\/\/mediocudeyo.es\/web\/wp-content\/uploads\/2024\/05\/ENCUENTRO-CON-AUTOR.-jue-23-mayo-CARTEL-JPG-1536x1086.jpg 1536w, https:\/\/mediocudeyo.es\/web\/wp-content\/uploads\/2024\/05\/ENCUENTRO-CON-AUTOR.-jue-23-mayo-CARTEL-JPG-2048x1448.jpg 2048w\" sizes=\"(max-width: 300px) 100vw, 300px\" \/><\/div>\n","protected":false},"excerpt":{"rendered":"<p>\ud83d\udcc6 Vuelven los encuentros con autores, una tarde literaria nos espera en el Centro Cultural. \ud83d\udcd6 El escritor, Jos\u00e9 Antonio \u00c1lvarez G\u00f3mez nos presentar\u00e1 su libro \u00abUna voz y una [&hellip;]<\/p>\n","protected":false},"author":4,"featured_media":22327,"comment_status":"closed","ping_status":"closed","sticky":false,"template":"","format":"standard","meta":{"footnotes":""},"categories":[35,37,59],"tags":[84,374,58,654,680],"class_list":["post-22326","post","type-post","status-publish","format-standard","has-post-thumbnail","hentry","category-biblioteca","category-centro-cultural","category-cultura","tag-biblioteca","tag-biblioteca-municipal","tag-centro-cultural-ramon-pelayo","tag-encuentros-con-autor","tag-encuentros-literarios"],"_links":{"self":[{"href":"https:\/\/mediocudeyo.es\/web\/wp-json\/wp\/v2\/posts\/22326"}],"collection":[{"href":"https:\/\/mediocudeyo.es\/web\/wp-json\/wp\/v2\/posts"}],"about":[{"href":"https:\/\/mediocudeyo.es\/web\/wp-json\/wp\/v2\/types\/post"}],"author":[{"embeddable":true,"href":"https:\/\/mediocudeyo.es\/web\/wp-json\/wp\/v2\/users\/4"}],"replies":[{"embeddable":true,"href":"https:\/\/mediocudeyo.es\/web\/wp-json\/wp\/v2\/comments?post=22326"}],"version-history":[{"count":15,"href":"https:\/\/mediocudeyo.es\/web\/wp-json\/wp\/v2\/posts\/22326\/revisions"}],"predecessor-version":[{"id":22342,"href":"https:\/\/mediocudeyo.es\/web\/wp-json\/wp\/v2\/posts\/22326\/revisions\/22342"}],"wp:featuredmedia":[{"embeddable":true,"href":"https:\/\/mediocudeyo.es\/web\/wp-json\/wp\/v2\/media\/22327"}],"wp:attachment":[{"href":"https:\/\/mediocudeyo.es\/web\/wp-json\/wp\/v2\/media?parent=22326"}],"wp:term":[{"taxonomy":"category","embeddable":true,"href":"https:\/\/mediocudeyo.es\/web\/wp-json\/wp\/v2\/categories?post=22326"},{"taxonomy":"post_tag","embeddable":true,"href":"https:\/\/mediocudeyo.es\/web\/wp-json\/wp\/v2\/tags?post=22326"}],"curies":[{"name":"wp","href":"https:\/\/api.w.org\/{rel}","templated":true}]}}