{"id":22708,"date":"2024-07-10T08:54:54","date_gmt":"2024-07-10T08:54:54","guid":{"rendered":"https:\/\/mediocudeyo.es\/web\/?p=22708"},"modified":"2024-07-10T08:56:09","modified_gmt":"2024-07-10T08:56:09","slug":"iv-concurso-de-fotografia-el-retornar-del-indiano-2024","status":"publish","type":"post","link":"https:\/\/mediocudeyo.es\/web\/iv-concurso-de-fotografia-el-retornar-del-indiano-2024\/","title":{"rendered":"BASES DEL IV CONCURSO DE FOTOGRAF\u00cdA \u201cEL RETORNAR DEL INDIANO 2024\u201d"},"content":{"rendered":"<p>&nbsp;<\/p>\n<p><img fetchpriority=\"high\" decoding=\"async\" class=\"alignnone size-medium wp-image-22711\" src=\"https:\/\/mediocudeyo.es\/web\/wp-content\/uploads\/2024\/07\/El-retornar-del-Indiano1-240x300.png\" alt=\"\" width=\"240\" height=\"300\" srcset=\"https:\/\/mediocudeyo.es\/web\/wp-content\/uploads\/2024\/07\/El-retornar-del-Indiano1-240x300.png 240w, https:\/\/mediocudeyo.es\/web\/wp-content\/uploads\/2024\/07\/El-retornar-del-Indiano1-819x1024.png 819w, https:\/\/mediocudeyo.es\/web\/wp-content\/uploads\/2024\/07\/El-retornar-del-Indiano1-768x960.png 768w, https:\/\/mediocudeyo.es\/web\/wp-content\/uploads\/2024\/07\/El-retornar-del-Indiano1.png 1080w\" sizes=\"(max-width: 240px) 100vw, 240px\" \/><\/p>\n<p>&nbsp;<\/p>\n<p>Con la celebraci\u00f3n de \u00abEl Retornar del Indiano\u00bb el d\u00eda 27 de julio regresa una nueva edici\u00f3n de su CONCURSO DE FOTOGRAF\u00cdA <span class=\"x3nfvp2 x1j61x8r x1fcty0u xdj266r xhhsvwb xat24cr xgzva0m xxymvpz xlup9mm x1kky2od\"><img decoding=\"async\" src=\"https:\/\/static.xx.fbcdn.net\/images\/emoji.php\/v9\/tde\/1\/16\/1f4f8.png\" alt=\"\ud83d\udcf8\" width=\"16\" height=\"16\" \/><\/span><\/p>\n<div class=\"x11i5rnm xat24cr x1mh8g0r x1vvkbs xtlvy1s x126k92a\">\n<div dir=\"auto\"><span class=\"x3nfvp2 x1j61x8r x1fcty0u xdj266r xhhsvwb xat24cr xgzva0m xxymvpz xlup9mm x1kky2od\"><img decoding=\"async\" src=\"https:\/\/static.xx.fbcdn.net\/images\/emoji.php\/v9\/t8e\/1\/16\/2139.png\" alt=\"\u2139\" width=\"16\" height=\"16\" \/><\/span> No hace falta ser profesional, ni tener c\u00e1maras de \u00faltima generaci\u00f3n \u00a1puedes hacerlas incluso con el m\u00f3vil!<\/div>\n<div dir=\"auto\"><\/div>\n<div dir=\"auto\">El entorno y las actividades os lo pondr\u00e1n muy f\u00e1cil para hacer unas fant\u00e1sticas fotos con las que poder llevaros alguno de los premios de las 3 categor\u00edas entre los que se encuentra \u00a1Una plaza gratis para el taller de fotograf\u00eda de la Escuela Municipal!<\/div>\n<\/div>\n<div dir=\"auto\"><\/div>\n<div dir=\"auto\">Consulta las bases aqu\u00ed:<\/div>\n<div dir=\"auto\"><a href=\"https:\/\/mediocudeyo.es\/web\/wp-content\/uploads\/2024\/07\/Concurso-fotografia-El-retornar-del-Indiano-BASES-2024.pdf\">Concurso fotograf\u00eda El retornar del Indiano BASES 2024<\/a><\/div>\n","protected":false},"excerpt":{"rendered":"<p>&nbsp; &nbsp; Con la celebraci\u00f3n de \u00abEl Retornar del Indiano\u00bb el d\u00eda 27 de julio regresa una nueva edici\u00f3n de su CONCURSO DE FOTOGRAF\u00cdA No hace falta ser profesional, ni [&hellip;]<\/p>\n","protected":false},"author":4,"featured_media":22711,"comment_status":"closed","ping_status":"closed","sticky":false,"template":"","format":"standard","meta":{"footnotes":""},"categories":[37,59],"tags":[534,107],"class_list":["post-22708","post","type-post","status-publish","format-standard","has-post-thumbnail","hentry","category-centro-cultural","category-cultura","tag-concurso-de-fotografia","tag-el-retornar-del-indiano"],"_links":{"self":[{"href":"https:\/\/mediocudeyo.es\/web\/wp-json\/wp\/v2\/posts\/22708"}],"collection":[{"href":"https:\/\/mediocudeyo.es\/web\/wp-json\/wp\/v2\/posts"}],"about":[{"href":"https:\/\/mediocudeyo.es\/web\/wp-json\/wp\/v2\/types\/post"}],"author":[{"embeddable":true,"href":"https:\/\/mediocudeyo.es\/web\/wp-json\/wp\/v2\/users\/4"}],"replies":[{"embeddable":true,"href":"https:\/\/mediocudeyo.es\/web\/wp-json\/wp\/v2\/comments?post=22708"}],"version-history":[{"count":2,"href":"https:\/\/mediocudeyo.es\/web\/wp-json\/wp\/v2\/posts\/22708\/revisions"}],"predecessor-version":[{"id":22713,"href":"https:\/\/mediocudeyo.es\/web\/wp-json\/wp\/v2\/posts\/22708\/revisions\/22713"}],"wp:featuredmedia":[{"embeddable":true,"href":"https:\/\/mediocudeyo.es\/web\/wp-json\/wp\/v2\/media\/22711"}],"wp:attachment":[{"href":"https:\/\/mediocudeyo.es\/web\/wp-json\/wp\/v2\/media?parent=22708"}],"wp:term":[{"taxonomy":"category","embeddable":true,"href":"https:\/\/mediocudeyo.es\/web\/wp-json\/wp\/v2\/categories?post=22708"},{"taxonomy":"post_tag","embeddable":true,"href":"https:\/\/mediocudeyo.es\/web\/wp-json\/wp\/v2\/tags?post=22708"}],"curies":[{"name":"wp","href":"https:\/\/api.w.org\/{rel}","templated":true}]}}