{"id":22736,"date":"2024-07-23T10:28:18","date_gmt":"2024-07-23T10:28:18","guid":{"rendered":"https:\/\/mediocudeyo.es\/web\/?p=22736"},"modified":"2024-07-23T12:10:42","modified_gmt":"2024-07-23T12:10:42","slug":"programa-de-fiestas-de-medio-cudeyo-2024","status":"publish","type":"post","link":"https:\/\/mediocudeyo.es\/web\/programa-de-fiestas-de-medio-cudeyo-2024\/","title":{"rendered":"Programa de fiestas de Medio Cudeyo 2024"},"content":{"rendered":"<p>\u00a1\u00a1\u00a1Lo estabais esperando y ya est\u00e1 aqu\u00ed!!<\/p>\n<p><img fetchpriority=\"high\" decoding=\"async\" class=\"size-medium wp-image-22741 aligncenter\" src=\"https:\/\/mediocudeyo.es\/web\/wp-content\/uploads\/2024\/07\/FOTO-PRESENTACION-PANUELO-Y-CARTEL-FIESTAS-2024-222x300.jpg\" alt=\"\" width=\"222\" height=\"300\" srcset=\"https:\/\/mediocudeyo.es\/web\/wp-content\/uploads\/2024\/07\/FOTO-PRESENTACION-PANUELO-Y-CARTEL-FIESTAS-2024-222x300.jpg 222w, https:\/\/mediocudeyo.es\/web\/wp-content\/uploads\/2024\/07\/FOTO-PRESENTACION-PANUELO-Y-CARTEL-FIESTAS-2024-759x1024.jpg 759w, https:\/\/mediocudeyo.es\/web\/wp-content\/uploads\/2024\/07\/FOTO-PRESENTACION-PANUELO-Y-CARTEL-FIESTAS-2024-768x1036.jpg 768w, https:\/\/mediocudeyo.es\/web\/wp-content\/uploads\/2024\/07\/FOTO-PRESENTACION-PANUELO-Y-CARTEL-FIESTAS-2024.jpg 1119w\" sizes=\"(max-width: 222px) 100vw, 222px\" \/><\/p>\n<p>En el d\u00eda de ayer, nuestra alcaldesa Mar\u00eda Higuera, acompa\u00f1ada del concejal de Educaci\u00f3n, Deportes y Festejos, H\u00e9ctor Porras, han presentado el Programa de Fiestas de Santa Mar\u00eda de Cudeyo 2024.<\/p>\n<p>Este acto, sirvi\u00f3 tambi\u00e9n para presentar el pa\u00f1uelo de fiestas, que este a\u00f1o se ha recuperado con un dise\u00f1o personalizado que habla de Medio Cudeyo, de su patrimonio hist\u00f3rico, cultural, tur\u00edstico y natural, gracias a la colaboraci\u00f3n de Laura Casado vecina de Valdecilla, que tambi\u00e9n estuvo presente en el acto. Junto a ellos, Araceli Irastorza y Elena Zubiaurre representantes de la Asociaci\u00f3n de Comerciantes de Medio Cudeyo, organizaci\u00f3n que ha colaborado en la financiaci\u00f3n de los pa\u00f1uelos y har\u00e1 lo propio con su distribuci\u00f3n a trav\u00e9s de su red de asociados en los pr\u00f3ximos d\u00edas. Tanto la alcaldesa como el concejal, agradecieron a ambas su colaboraci\u00f3n y anunciaron un programa de fiestas que este a\u00f1o trae algunas novedades como el I Concurso de Pe\u00f1as de Medio Cudeyo, la recuperaci\u00f3n del pa\u00f1uelo de fiestas en una versi\u00f3n m\u00e1s sentimental y con un claro v\u00ednculo a nuestro municipio, y la vuelta de una orquesta al programa de fiestas.<\/p>\n<p><img decoding=\"async\" class=\"size-medium wp-image-22737 aligncenter\" src=\"https:\/\/mediocudeyo.es\/web\/wp-content\/uploads\/2024\/07\/Cartel-fiestas-Medio-Cudeyo-2024-212x300.jpg\" alt=\"\" width=\"212\" height=\"300\" srcset=\"https:\/\/mediocudeyo.es\/web\/wp-content\/uploads\/2024\/07\/Cartel-fiestas-Medio-Cudeyo-2024-212x300.jpg 212w, https:\/\/mediocudeyo.es\/web\/wp-content\/uploads\/2024\/07\/Cartel-fiestas-Medio-Cudeyo-2024-724x1024.jpg 724w, https:\/\/mediocudeyo.es\/web\/wp-content\/uploads\/2024\/07\/Cartel-fiestas-Medio-Cudeyo-2024-768x1086.jpg 768w, https:\/\/mediocudeyo.es\/web\/wp-content\/uploads\/2024\/07\/Cartel-fiestas-Medio-Cudeyo-2024-1086x1536.jpg 1086w, https:\/\/mediocudeyo.es\/web\/wp-content\/uploads\/2024\/07\/Cartel-fiestas-Medio-Cudeyo-2024-1448x2048.jpg 1448w, https:\/\/mediocudeyo.es\/web\/wp-content\/uploads\/2024\/07\/Cartel-fiestas-Medio-Cudeyo-2024.jpg 1754w\" sizes=\"(max-width: 212px) 100vw, 212px\" \/><\/p>\n<p>El dise\u00f1o de Laura Casado, es tambi\u00e9n la imagen que ocupa la portada y recorre el programa, que puedes descargar en el siguiente enlace: <a href=\"https:\/\/mediocudeyo.es\/web\/wp-content\/uploads\/2024\/07\/Programa-de-las-Fiestas-de-Santa-Maria-de-Cudeyo-2024.pdf\">Programa de las Fiestas de Santa Mar\u00eda de Cudeyo 2024<\/a><\/p>\n<p>&nbsp;<\/p>\n","protected":false},"excerpt":{"rendered":"<p>\u00a1\u00a1\u00a1Lo estabais esperando y ya est\u00e1 aqu\u00ed!! En el d\u00eda de ayer, nuestra alcaldesa Mar\u00eda Higuera, acompa\u00f1ada del concejal de Educaci\u00f3n, Deportes y Festejos, H\u00e9ctor Porras, han presentado el Programa [&hellip;]<\/p>\n","protected":false},"author":4,"featured_media":22737,"comment_status":"closed","ping_status":"closed","sticky":false,"template":"","format":"standard","meta":{"footnotes":""},"categories":[34,42],"tags":[138,666],"class_list":["post-22736","post","type-post","status-publish","format-standard","has-post-thumbnail","hentry","category-ayuntamiento","category-festejos","tag-fiesta-patronal","tag-fiestas-de-santa-maria"],"_links":{"self":[{"href":"https:\/\/mediocudeyo.es\/web\/wp-json\/wp\/v2\/posts\/22736"}],"collection":[{"href":"https:\/\/mediocudeyo.es\/web\/wp-json\/wp\/v2\/posts"}],"about":[{"href":"https:\/\/mediocudeyo.es\/web\/wp-json\/wp\/v2\/types\/post"}],"author":[{"embeddable":true,"href":"https:\/\/mediocudeyo.es\/web\/wp-json\/wp\/v2\/users\/4"}],"replies":[{"embeddable":true,"href":"https:\/\/mediocudeyo.es\/web\/wp-json\/wp\/v2\/comments?post=22736"}],"version-history":[{"count":4,"href":"https:\/\/mediocudeyo.es\/web\/wp-json\/wp\/v2\/posts\/22736\/revisions"}],"predecessor-version":[{"id":22747,"href":"https:\/\/mediocudeyo.es\/web\/wp-json\/wp\/v2\/posts\/22736\/revisions\/22747"}],"wp:featuredmedia":[{"embeddable":true,"href":"https:\/\/mediocudeyo.es\/web\/wp-json\/wp\/v2\/media\/22737"}],"wp:attachment":[{"href":"https:\/\/mediocudeyo.es\/web\/wp-json\/wp\/v2\/media?parent=22736"}],"wp:term":[{"taxonomy":"category","embeddable":true,"href":"https:\/\/mediocudeyo.es\/web\/wp-json\/wp\/v2\/categories?post=22736"},{"taxonomy":"post_tag","embeddable":true,"href":"https:\/\/mediocudeyo.es\/web\/wp-json\/wp\/v2\/tags?post=22736"}],"curies":[{"name":"wp","href":"https:\/\/api.w.org\/{rel}","templated":true}]}}