{"id":22826,"date":"2024-08-23T09:59:33","date_gmt":"2024-08-23T09:59:33","guid":{"rendered":"https:\/\/mediocudeyo.es\/web\/?p=22826"},"modified":"2024-08-27T07:05:50","modified_gmt":"2024-08-27T07:05:50","slug":"solicitud-del-servicio-de-madrugadores-2024-25","status":"publish","type":"post","link":"https:\/\/mediocudeyo.es\/web\/solicitud-del-servicio-de-madrugadores-2024-25\/","title":{"rendered":"SOLICITUD DEL SERVICIO DE MADRUGADORES 2024\/25"},"content":{"rendered":"<p><a href=\"https:\/\/mediocudeyo.es\/web\/wp-content\/uploads\/2024\/08\/Solicitud-Serv.-Madrugadores-CEIP-M.-de-Valdecilla.pdf\"><img fetchpriority=\"high\" decoding=\"async\" class=\"alignnone size-medium wp-image-22823\" src=\"https:\/\/mediocudeyo.es\/web\/wp-content\/uploads\/2024\/08\/servicio-de-madrugadores-curso-202223-ceip-marques-de-valdecilla-212x300.png\" alt=\"\" width=\"212\" height=\"300\" srcset=\"https:\/\/mediocudeyo.es\/web\/wp-content\/uploads\/2024\/08\/servicio-de-madrugadores-curso-202223-ceip-marques-de-valdecilla-212x300.png 212w, https:\/\/mediocudeyo.es\/web\/wp-content\/uploads\/2024\/08\/servicio-de-madrugadores-curso-202223-ceip-marques-de-valdecilla-724x1024.png 724w, https:\/\/mediocudeyo.es\/web\/wp-content\/uploads\/2024\/08\/servicio-de-madrugadores-curso-202223-ceip-marques-de-valdecilla-768x1086.png 768w, https:\/\/mediocudeyo.es\/web\/wp-content\/uploads\/2024\/08\/servicio-de-madrugadores-curso-202223-ceip-marques-de-valdecilla-1086x1536.png 1086w, https:\/\/mediocudeyo.es\/web\/wp-content\/uploads\/2024\/08\/servicio-de-madrugadores-curso-202223-ceip-marques-de-valdecilla-1448x2048.png 1448w, https:\/\/mediocudeyo.es\/web\/wp-content\/uploads\/2024\/08\/servicio-de-madrugadores-curso-202223-ceip-marques-de-valdecilla.png 1587w\" sizes=\"(max-width: 212px) 100vw, 212px\" \/><\/a><\/p>\n<p>Desde el viernes 23 hasta el 30 de agosto se abre el plazo para la solicitud del <strong>servicio de Madrugadores<\/strong> para el curso 2024\/2025.<\/p>\n<p>El <strong>servicio para infantil y primaria dar\u00e1 comienzo<\/strong>, al igual que el curso escolar, el<strong> lunes 9 de septiembre<\/strong>.<\/p>\n<p>Para el alumnado del <strong>aula de 2 a\u00f1os<\/strong> el servicio dar\u00e1 comienzo el <strong>martes 1 de octubre<\/strong>, ya que en septiembre se encuentran en periodo de adaptaci\u00f3n.<\/p>\n<p><em><strong>IMPORTANTE<\/strong><\/em>: <strong>NO se reservan plazas<\/strong>, la solicitud s\u00f3lo ha de realizarse para aquellos alumnos\/as que vayan a utilizar el servicio desde el inicio.<\/p>\n<p>Posteriormente, siempre que existan plazas, las inscripciones para el servicio permanecer\u00e1n abiertas hasta final de curso, por lo que las familias que lo necesiten m\u00e1s adelante podr\u00e1n solicitarlo en ese momento.<\/p>\n<p><strong>DOCUMENTACI\u00d3N<\/strong>: para realizar la inscripci\u00f3n se deber\u00e1n adjuntar los siguientes documentos:<\/p>\n<p><strong><em>Ficha de inscripci\u00f3n<\/em><\/strong>, que podr\u00e1n recoger en el Centro Cultural Ram\u00f3n Pelayo o en los siguientes enlaces:<\/p>\n<p><em>Para el Marqu\u00e9s de Valdecilla<\/em>: <a href=\"https:\/\/mediocudeyo.es\/web\/wp-content\/uploads\/2024\/08\/Solicitud-Serv.-Madrugadores-CEIP-M.-de-Valdecilla.pdf\">Solicitud Serv. Madrugadores CEIP M. de Valdecilla<\/a><\/p>\n<p><em>Para el CRA Pe\u00f1acabarga<\/em>: <a href=\"https:\/\/mediocudeyo.es\/web\/wp-content\/uploads\/2024\/08\/Solicitud-Serv.-Madrugadores-CRA-Pena-Cabarga.pdf\">Solicitud Serv. Madrugadores CRA Pe\u00f1a Cabarga<\/a><\/p>\n<p>Deber\u00e1 estar correctamente cumplimentada y firmada, indicando el Centro Educativo y escogiendo una de las tres opciones de horario:<\/p>\n<ul>\n<li>Completo (7:45h-9:00h) &#8211; 35,58\u20ac<\/li>\n<li>Parcial (8:25-9:00h) &#8211; 16,00\u20ac<\/li>\n<li>Ocasional (m\u00e1ximo 5 d\u00edas al mes de acuerdo a la normativa municipal) &#8211; 3\u20ac\/d\u00eda<\/li>\n<\/ul>\n<p><em><strong>Certificado de empresa<\/strong><\/em> que acredite que el padre, madre y\/o tutor trabajan en el horario del servicio.<\/p>\n<p><em><strong>Ficha de terceros sellada por el banco<\/strong><\/em>, que puede recoger en el Centro Cultural Ram\u00f3n Pelayo o descargar pinchando <a href=\"https:\/\/mediocudeyo.es\/web\/wp-content\/uploads\/2024\/08\/FICHA-TERCERO.pdf\">AQU\u00cd<\/a><\/p>\n<p>La solicitud junto a la documentaci\u00f3n justificativa de padres\/madres se podr\u00e1<strong> presentar<\/strong> f\u00edsicamente en el <strong>Centro Cultural Ram\u00f3n Pelayo<\/strong> o a trav\u00e9s del e-mail centrocultural@mediocudeyo.es.<\/p>\n<p>M\u00e1s informaci\u00f3n, en el Punto de Informaci\u00f3n Municipal:\u00a0 942 522 685.<\/p>\n<p>&nbsp;<\/p>\n","protected":false},"excerpt":{"rendered":"<p>Desde el viernes 23 hasta el 30 de agosto se abre el plazo para la solicitud del servicio de Madrugadores para el curso 2024\/2025. El servicio para infantil y primaria [&hellip;]<\/p>\n","protected":false},"author":4,"featured_media":22823,"comment_status":"closed","ping_status":"closed","sticky":false,"template":"","format":"standard","meta":{"footnotes":""},"categories":[39,47],"tags":[108,409,410],"class_list":["post-22826","post","type-post","status-publish","format-standard","has-post-thumbnail","hentry","category-educacion","category-infancia","tag-ceip-marques-de-valdecilla","tag-cra-pena-cabarga","tag-madrugadores"],"_links":{"self":[{"href":"https:\/\/mediocudeyo.es\/web\/wp-json\/wp\/v2\/posts\/22826"}],"collection":[{"href":"https:\/\/mediocudeyo.es\/web\/wp-json\/wp\/v2\/posts"}],"about":[{"href":"https:\/\/mediocudeyo.es\/web\/wp-json\/wp\/v2\/types\/post"}],"author":[{"embeddable":true,"href":"https:\/\/mediocudeyo.es\/web\/wp-json\/wp\/v2\/users\/4"}],"replies":[{"embeddable":true,"href":"https:\/\/mediocudeyo.es\/web\/wp-json\/wp\/v2\/comments?post=22826"}],"version-history":[{"count":2,"href":"https:\/\/mediocudeyo.es\/web\/wp-json\/wp\/v2\/posts\/22826\/revisions"}],"predecessor-version":[{"id":22828,"href":"https:\/\/mediocudeyo.es\/web\/wp-json\/wp\/v2\/posts\/22826\/revisions\/22828"}],"wp:featuredmedia":[{"embeddable":true,"href":"https:\/\/mediocudeyo.es\/web\/wp-json\/wp\/v2\/media\/22823"}],"wp:attachment":[{"href":"https:\/\/mediocudeyo.es\/web\/wp-json\/wp\/v2\/media?parent=22826"}],"wp:term":[{"taxonomy":"category","embeddable":true,"href":"https:\/\/mediocudeyo.es\/web\/wp-json\/wp\/v2\/categories?post=22826"},{"taxonomy":"post_tag","embeddable":true,"href":"https:\/\/mediocudeyo.es\/web\/wp-json\/wp\/v2\/tags?post=22826"}],"curies":[{"name":"wp","href":"https:\/\/api.w.org\/{rel}","templated":true}]}}