{"id":2330,"date":"2017-08-08T12:15:44","date_gmt":"2017-08-08T11:15:44","guid":{"rendered":"http:\/\/mediocudeyo.es\/web\/?p=2330"},"modified":"2017-08-08T12:15:44","modified_gmt":"2017-08-08T11:15:44","slug":"miercoles-9-de-agosto-a-las-2000h-espectaculo-de-magia-embarcadabra","status":"publish","type":"post","link":"https:\/\/mediocudeyo.es\/web\/miercoles-9-de-agosto-a-las-2000h-espectaculo-de-magia-embarcadabra\/","title":{"rendered":"Miercoles 9 de agosto a las 20:00h Espect\u00e1culo de Magia \u00abEmbarcadabra\u00bb Lugar: Centro Cultural Ram\u00f3n Pelayo"},"content":{"rendered":"<p><img fetchpriority=\"high\" decoding=\"async\" class=\"alignnone size-large wp-image-2331\" src=\"http:\/\/mediocudeyo.es\/web\/wp-content\/uploads\/2017\/08\/Cesar-Bueno-Solares-724x1024.jpg\" alt=\"cesar-bueno-solares\" width=\"474\" height=\"670\" \/><\/p>\n<p>Debido a la mala previsi\u00f3n meteorol\u00f3gica el Espect\u00e1culo de Magia tendr\u00e1 lugar a la misma hora en el Centro Cultural Ramon Pelayo.<\/p>\n<p>Mi\u00e9rcoles 9 de agosto \u00a1\u00a1Noche de Magia!!<br \/>\nCentro Cultural Ram\u00f3n Pelayo a las 20:00h.<br \/>\nActuaci\u00f3n del Mago Cesar Bueno y su espect\u00e1culo<br \/>\nEmbarcadabra\u201d: tiene una duraci\u00f3n de 60\u00b4 en los que C\u00e9sar Bueno realiza diversos efectos de magia, tratando de que participe el mayor n\u00famero posible del p\u00fablico que est\u00e9 viendo el espect\u00e1culo. Habr\u00e1 efectos con libros, pa\u00f1uelos, fuego, efectos c\u00f3micos y un final con m\u00fasica para que vean y disfruten un poco de cada especialidad m\u00e1gica.<br \/>\nCi<span class=\"text_exposed_show\">clo enREDarte subvencionado por el Gobierno de Cantabria.<\/span><\/p>\n<p>&nbsp;<\/p>\n","protected":false},"excerpt":{"rendered":"<p>Debido a la mala previsi\u00f3n meteorol\u00f3gica el Espect\u00e1culo de Magia tendr\u00e1 lugar a la misma hora en el Centro Cultural Ramon Pelayo. Mi\u00e9rcoles 9 de agosto \u00a1\u00a1Noche de Magia!! Centro [&hellip;]<\/p>\n","protected":false},"author":4,"featured_media":0,"comment_status":"closed","ping_status":"closed","sticky":false,"template":"","format":"standard","meta":{"footnotes":""},"categories":[59],"tags":[],"class_list":["post-2330","post","type-post","status-publish","format-standard","hentry","category-cultura"],"_links":{"self":[{"href":"https:\/\/mediocudeyo.es\/web\/wp-json\/wp\/v2\/posts\/2330"}],"collection":[{"href":"https:\/\/mediocudeyo.es\/web\/wp-json\/wp\/v2\/posts"}],"about":[{"href":"https:\/\/mediocudeyo.es\/web\/wp-json\/wp\/v2\/types\/post"}],"author":[{"embeddable":true,"href":"https:\/\/mediocudeyo.es\/web\/wp-json\/wp\/v2\/users\/4"}],"replies":[{"embeddable":true,"href":"https:\/\/mediocudeyo.es\/web\/wp-json\/wp\/v2\/comments?post=2330"}],"version-history":[{"count":0,"href":"https:\/\/mediocudeyo.es\/web\/wp-json\/wp\/v2\/posts\/2330\/revisions"}],"wp:attachment":[{"href":"https:\/\/mediocudeyo.es\/web\/wp-json\/wp\/v2\/media?parent=2330"}],"wp:term":[{"taxonomy":"category","embeddable":true,"href":"https:\/\/mediocudeyo.es\/web\/wp-json\/wp\/v2\/categories?post=2330"},{"taxonomy":"post_tag","embeddable":true,"href":"https:\/\/mediocudeyo.es\/web\/wp-json\/wp\/v2\/tags?post=2330"}],"curies":[{"name":"wp","href":"https:\/\/api.w.org\/{rel}","templated":true}]}}