{"id":2334,"date":"2017-08-09T08:19:33","date_gmt":"2017-08-09T07:19:33","guid":{"rendered":"http:\/\/mediocudeyo.es\/web\/?p=2334"},"modified":"2017-08-09T08:19:33","modified_gmt":"2017-08-09T07:19:33","slug":"festival-artisticas-artes-en-femenino","status":"publish","type":"post","link":"https:\/\/mediocudeyo.es\/web\/festival-artisticas-artes-en-femenino\/","title":{"rendered":"Festival ART\u00cdSTICAS \u201cArtes en femenino\u201d"},"content":{"rendered":"<p>El pr\u00f3ximo 27 de agosto desde las\u00a0 12:00 horas y hasta entrada la noche la Finca Marqu\u00e9s de Valdecilla ser\u00e1 el lugar elegido para visualizar el arte desde un punto de vista femenino.<\/p>\n<p>M\u00fasica, pintura, poes\u00eda, danza o fotograf\u00eda ser\u00e1n algunas de las propuestas con las que diferentes mujeres compartir\u00e1n sus creaciones y que estar\u00e1n destinadas a todas las edades y todos los p\u00fablicos.<img fetchpriority=\"high\" decoding=\"async\" class=\"alignnone size-large wp-image-2335\" src=\"http:\/\/mediocudeyo.es\/web\/wp-content\/uploads\/2017\/08\/artisticas-1024x1024.jpg\" alt=\"artisticas\" width=\"474\" height=\"474\" \/><\/p>\n<p>Aqu\u00ed os dejamos la programaci\u00f3n al completo. Entrada libre, hasta completar aforo. No te lo puedes perder !!<\/p>\n<p><img decoding=\"async\" class=\"alignnone size-full wp-image-2336\" src=\"http:\/\/mediocudeyo.es\/web\/wp-content\/uploads\/2017\/08\/Programa.jpg\" alt=\"programa\" width=\"960\" height=\"960\" \/><\/p>\n","protected":false},"excerpt":{"rendered":"<p>El pr\u00f3ximo 27 de agosto desde las\u00a0 12:00 horas y hasta entrada la noche la Finca Marqu\u00e9s de Valdecilla ser\u00e1 el lugar elegido para visualizar el arte desde un punto [&hellip;]<\/p>\n","protected":false},"author":4,"featured_media":0,"comment_status":"closed","ping_status":"closed","sticky":false,"template":"","format":"standard","meta":{"footnotes":""},"categories":[59],"tags":[],"class_list":["post-2334","post","type-post","status-publish","format-standard","hentry","category-cultura"],"_links":{"self":[{"href":"https:\/\/mediocudeyo.es\/web\/wp-json\/wp\/v2\/posts\/2334"}],"collection":[{"href":"https:\/\/mediocudeyo.es\/web\/wp-json\/wp\/v2\/posts"}],"about":[{"href":"https:\/\/mediocudeyo.es\/web\/wp-json\/wp\/v2\/types\/post"}],"author":[{"embeddable":true,"href":"https:\/\/mediocudeyo.es\/web\/wp-json\/wp\/v2\/users\/4"}],"replies":[{"embeddable":true,"href":"https:\/\/mediocudeyo.es\/web\/wp-json\/wp\/v2\/comments?post=2334"}],"version-history":[{"count":0,"href":"https:\/\/mediocudeyo.es\/web\/wp-json\/wp\/v2\/posts\/2334\/revisions"}],"wp:attachment":[{"href":"https:\/\/mediocudeyo.es\/web\/wp-json\/wp\/v2\/media?parent=2334"}],"wp:term":[{"taxonomy":"category","embeddable":true,"href":"https:\/\/mediocudeyo.es\/web\/wp-json\/wp\/v2\/categories?post=2334"},{"taxonomy":"post_tag","embeddable":true,"href":"https:\/\/mediocudeyo.es\/web\/wp-json\/wp\/v2\/tags?post=2334"}],"curies":[{"name":"wp","href":"https:\/\/api.w.org\/{rel}","templated":true}]}}