{"id":23466,"date":"2024-12-07T10:00:35","date_gmt":"2024-12-07T08:00:35","guid":{"rendered":"https:\/\/mediocudeyo.es\/web\/?p=23466"},"modified":"2024-12-03T19:08:09","modified_gmt":"2024-12-03T17:08:09","slug":"taller-sabado-de-locos-bajitos-diciembre","status":"publish","type":"post","link":"https:\/\/mediocudeyo.es\/web\/taller-sabado-de-locos-bajitos-diciembre\/","title":{"rendered":"Taller s\u00e1bado de Locos Bajitos \u2013 Diciembre"},"content":{"rendered":"<p>\ud83c\udf89 \u00a1Atenci\u00f3n, locos bajitos! Este diciembre tenemos unas actividades incre\u00edbles preparadas para vosotros. Ven al centro cultural y disfruta de dos tardes inolvidables llenas de creatividad y magia \ud83d\udd8c\ufe0f<br \/>\nLas manualidades ser\u00e1n las protagonistas, con ideas originales para que los m\u00e1s peque\u00f1os se diviertan mientras crean algo especial. Adem\u00e1s, habr\u00e1 una deliciosa merienda para recargar pilas \ud83c\udf6a<\/p>\n<p>\u00a1No te pierdas estos planazos! \ud83d\ude0a<\/p>\n<div class=\"\" data-block=\"true\" data-editor=\"chr20\" data-offset-key=\"ckslu-0-0\">\n<div class=\"_1mf _1mj\" data-offset-key=\"ckslu-0-0\"><img fetchpriority=\"high\" decoding=\"async\" class=\"alignnone size-medium wp-image-23441\" src=\"https:\/\/mediocudeyo.es\/web\/wp-content\/uploads\/2024\/12\/LOCOS-BAJITOS.-14-y-21-dic-CARTEL-JPG-212x300.jpg\" alt=\"\" width=\"212\" height=\"300\" srcset=\"https:\/\/mediocudeyo.es\/web\/wp-content\/uploads\/2024\/12\/LOCOS-BAJITOS.-14-y-21-dic-CARTEL-JPG-212x300.jpg 212w, https:\/\/mediocudeyo.es\/web\/wp-content\/uploads\/2024\/12\/LOCOS-BAJITOS.-14-y-21-dic-CARTEL-JPG-724x1024.jpg 724w, https:\/\/mediocudeyo.es\/web\/wp-content\/uploads\/2024\/12\/LOCOS-BAJITOS.-14-y-21-dic-CARTEL-JPG-768x1086.jpg 768w, https:\/\/mediocudeyo.es\/web\/wp-content\/uploads\/2024\/12\/LOCOS-BAJITOS.-14-y-21-dic-CARTEL-JPG-1086x1536.jpg 1086w, https:\/\/mediocudeyo.es\/web\/wp-content\/uploads\/2024\/12\/LOCOS-BAJITOS.-14-y-21-dic-CARTEL-JPG-1448x2048.jpg 1448w, https:\/\/mediocudeyo.es\/web\/wp-content\/uploads\/2024\/12\/LOCOS-BAJITOS.-14-y-21-dic-CARTEL-JPG.jpg 1587w\" sizes=\"(max-width: 212px) 100vw, 212px\" \/><\/div>\n<\/div>\n<div class=\"\" data-block=\"true\" data-editor=\"chr20\" data-offset-key=\"3vk1c-0-0\">\n<div class=\"_1mf _1mj\" data-offset-key=\"3vk1c-0-0\"><span data-offset-key=\"3vk1c-0-0\">\u00a0<\/span><\/div>\n<\/div>\n<div class=\"\" data-block=\"true\" data-editor=\"chr20\" data-offset-key=\"bid1i-0-0\">\n<div class=\"_1mf _1mj\" data-offset-key=\"bid1i-0-0\"><span data-offset-key=\"bid1i-0-0\"> \u2139 Para participar es importante tener en cuenta la siguiente informaci\u00f3n:<\/span><\/div>\n<\/div>\n<div class=\"\" data-block=\"true\" data-editor=\"chr20\" data-offset-key=\"1erep-0-0\">\n<div class=\"_1mf _1mj\" data-offset-key=\"1erep-0-0\"><span data-offset-key=\"1erep-0-0\"> \ud83d\udcc6 S\u00e1bado14 y 21 de diciembre<\/span><\/div>\n<\/div>\n<div class=\"\" data-block=\"true\" data-editor=\"chr20\" data-offset-key=\"ecqe7-0-0\">\n<div class=\"_1mf _1mj\" data-offset-key=\"ecqe7-0-0\"><span data-offset-key=\"ecqe7-0-0\"> \u27a1Dos turnos:<\/span><\/div>\n<\/div>\n<div class=\"\" data-block=\"true\" data-editor=\"chr20\" data-offset-key=\"crokg-0-0\">\n<div class=\"_1mf _1mj\" data-offset-key=\"crokg-0-0\"><span data-offset-key=\"crokg-0-0\"> \ud83d\udd5217:00 a 18:30 h Infantil (escolarizados en aula de 3 a\u00f1os)<\/span><\/div>\n<\/div>\n<div class=\"\" data-block=\"true\" data-editor=\"chr20\" data-offset-key=\"70rlg-0-0\">\n<div class=\"_1mf _1mj\" data-offset-key=\"70rlg-0-0\"><span data-offset-key=\"70rlg-0-0\"> \ud83d\udd5218:45 a 20:15 h de 6 a 12 a\u00f1os (primaria)<\/span><\/div>\n<\/div>\n<div class=\"\" data-block=\"true\" data-editor=\"chr20\" data-offset-key=\"e7src-0-0\">\n<div class=\"_1mf _1mj\" data-offset-key=\"e7src-0-0\"><span data-offset-key=\"e7src-0-0\"> \u27a1Actividad GRATUITA. Plazas limitadas.<\/span><\/div>\n<\/div>\n<div class=\"\" data-block=\"true\" data-editor=\"chr20\" data-offset-key=\"82q1k-0-0\">\n<div class=\"_1mf _1mj\" data-offset-key=\"82q1k-0-0\"><span data-offset-key=\"82q1k-0-0\">\u00a0<\/span><\/div>\n<\/div>\n<div class=\"\" data-block=\"true\" data-editor=\"chr20\" data-offset-key=\"f0nf2-0-0\">\n<div class=\"_1mf _1mj\" data-offset-key=\"f0nf2-0-0\"><span data-offset-key=\"f0nf2-0-0\"> \u2139 Imprescindible inscribirse: (Las inscripciones se abrir\u00e1n a principios de la semana. Recuerda que no puedes inscribirte en todas las actividades del mes a la vez; deber\u00e1s hacerlo por separado en cada una de ellas. Hasta las 12:00h del viernes)<\/span><\/div>\n<\/div>\n<div class=\"\" data-block=\"true\" data-editor=\"chr20\" data-offset-key=\"bqgbu-0-0\">\n<div class=\"_1mf _1mj\" data-offset-key=\"bqgbu-0-0\"><span data-offset-key=\"bqgbu-0-0\">\u00a0<\/span><\/div>\n<\/div>\n<div class=\"\" data-block=\"true\" data-editor=\"chr20\" data-offset-key=\"ahbpv-0-0\">\n<div class=\"_1mf _1mj\" data-offset-key=\"ahbpv-0-0\"><span data-offset-key=\"ahbpv-0-0\">\u26a0\ufe0f Para realizar la prescripci\u00f3n es necesario aportar los siguientes datos de: nombre completo, edad, tel\u00e9fono de contacto, correo electr\u00f3nico, alergias o intolerancias alimentarias, s\u00ed o no autoriza para poder hacer fotograf\u00edas y municipio de empadronamiento.<\/span><\/div>\n<\/div>\n<div class=\"\" data-block=\"true\" data-editor=\"chr20\" data-offset-key=\"17emv-0-0\">\n<div class=\"_1mf _1mj\" data-offset-key=\"17emv-0-0\"><span data-offset-key=\"17emv-0-0\">\u00a0<\/span><\/div>\n<\/div>\n<div class=\"\" data-block=\"true\" data-editor=\"chr20\" data-offset-key=\"3sckg-0-0\">\n<div class=\"_1mf _1mj\" data-offset-key=\"3sckg-0-0\"><span data-offset-key=\"3sckg-0-0\"> \u27a1El d\u00eda previo se llamar\u00e1 a las personas que hayan obtenido plaza.<\/span><\/div>\n<\/div>\n<div class=\"\" data-block=\"true\" data-editor=\"chr20\" data-offset-key=\"6a8k3-0-0\">\n<div class=\"_1mf _1mj\" data-offset-key=\"6a8k3-0-0\"><span data-offset-key=\"6a8k3-0-0\"> \u260e\ufe0f942 52 26 85 (Tambi\u00e9n por WhatsApp al mismo n\u00famero)<\/span><\/div>\n<\/div>\n<div class=\"\" data-block=\"true\" data-editor=\"chr20\" data-offset-key=\"5ams9-0-0\">\n<div class=\"_1mf _1mj\" data-offset-key=\"5ams9-0-0\"><span data-offset-key=\"5ams9-0-0\"> \ud83d\udce7Centrocultural@mediocudeyo.es<\/span><\/div>\n<\/div>\n<div class=\"\" data-block=\"true\" data-editor=\"chr20\" data-offset-key=\"annk5-0-0\">\n<div class=\"_1mf _1mj\" data-offset-key=\"annk5-0-0\"><\/div>\n<\/div>\n","protected":false},"excerpt":{"rendered":"<p>\ud83c\udf89 \u00a1Atenci\u00f3n, locos bajitos! Este diciembre tenemos unas actividades incre\u00edbles preparadas para vosotros. Ven al centro cultural y disfruta de dos tardes inolvidables llenas de creatividad y magia \ud83d\udd8c\ufe0f Las [&hellip;]<\/p>\n","protected":false},"author":4,"featured_media":23441,"comment_status":"closed","ping_status":"closed","sticky":false,"template":"","format":"standard","meta":{"footnotes":""},"categories":[37,59],"tags":[435],"class_list":["post-23466","post","type-post","status-publish","format-standard","has-post-thumbnail","hentry","category-centro-cultural","category-cultura","tag-talleres-infantiles"],"_links":{"self":[{"href":"https:\/\/mediocudeyo.es\/web\/wp-json\/wp\/v2\/posts\/23466"}],"collection":[{"href":"https:\/\/mediocudeyo.es\/web\/wp-json\/wp\/v2\/posts"}],"about":[{"href":"https:\/\/mediocudeyo.es\/web\/wp-json\/wp\/v2\/types\/post"}],"author":[{"embeddable":true,"href":"https:\/\/mediocudeyo.es\/web\/wp-json\/wp\/v2\/users\/4"}],"replies":[{"embeddable":true,"href":"https:\/\/mediocudeyo.es\/web\/wp-json\/wp\/v2\/comments?post=23466"}],"version-history":[{"count":3,"href":"https:\/\/mediocudeyo.es\/web\/wp-json\/wp\/v2\/posts\/23466\/revisions"}],"predecessor-version":[{"id":23473,"href":"https:\/\/mediocudeyo.es\/web\/wp-json\/wp\/v2\/posts\/23466\/revisions\/23473"}],"wp:featuredmedia":[{"embeddable":true,"href":"https:\/\/mediocudeyo.es\/web\/wp-json\/wp\/v2\/media\/23441"}],"wp:attachment":[{"href":"https:\/\/mediocudeyo.es\/web\/wp-json\/wp\/v2\/media?parent=23466"}],"wp:term":[{"taxonomy":"category","embeddable":true,"href":"https:\/\/mediocudeyo.es\/web\/wp-json\/wp\/v2\/categories?post=23466"},{"taxonomy":"post_tag","embeddable":true,"href":"https:\/\/mediocudeyo.es\/web\/wp-json\/wp\/v2\/tags?post=23466"}],"curies":[{"name":"wp","href":"https:\/\/api.w.org\/{rel}","templated":true}]}}