{"id":23470,"date":"2024-12-06T10:00:17","date_gmt":"2024-12-06T08:00:17","guid":{"rendered":"https:\/\/mediocudeyo.es\/web\/?p=23470"},"modified":"2024-12-03T19:56:04","modified_gmt":"2024-12-03T17:56:04","slug":"animacion-a-la-lectura-en-la-pequeteca-diciembre","status":"publish","type":"post","link":"https:\/\/mediocudeyo.es\/web\/animacion-a-la-lectura-en-la-pequeteca-diciembre\/","title":{"rendered":"Animaci\u00f3n a la lectura en la Pequeteca \u2013 Diciembre"},"content":{"rendered":"<p>\ud83d\udcda\ud83c\udf89 \u00a1Ya tenemos el cartel de diciembre para nuestras actividades de animaci\u00f3n a la lectura para los m\u00e1s peque\u00f1os, todos los viernes! \ud83d\udc67\ud83d\udc66<\/p>\n<p>\ud83c\udf84\ud83c\udf85\ud83c\udf81\u00a1Esta vez, edici\u00f3n navidad! \ud83c\udf84\ud83c\udf85\ud83c\udf81<\/p>\n<p><img fetchpriority=\"high\" decoding=\"async\" class=\"alignnone size-medium wp-image-23471\" src=\"https:\/\/mediocudeyo.es\/web\/wp-content\/uploads\/2024\/12\/BIBLIOTECA.-Animacion-a-la-lectura-212x300.png\" alt=\"\" width=\"212\" height=\"300\" srcset=\"https:\/\/mediocudeyo.es\/web\/wp-content\/uploads\/2024\/12\/BIBLIOTECA.-Animacion-a-la-lectura-212x300.png 212w, https:\/\/mediocudeyo.es\/web\/wp-content\/uploads\/2024\/12\/BIBLIOTECA.-Animacion-a-la-lectura-724x1024.png 724w, https:\/\/mediocudeyo.es\/web\/wp-content\/uploads\/2024\/12\/BIBLIOTECA.-Animacion-a-la-lectura-768x1086.png 768w, https:\/\/mediocudeyo.es\/web\/wp-content\/uploads\/2024\/12\/BIBLIOTECA.-Animacion-a-la-lectura-1086x1536.png 1086w, https:\/\/mediocudeyo.es\/web\/wp-content\/uploads\/2024\/12\/BIBLIOTECA.-Animacion-a-la-lectura.png 1414w\" sizes=\"(max-width: 212px) 100vw, 212px\" \/><\/p>\n<div class=\"html-div xdj266r x11i5rnm xat24cr x1mh8g0r xexx8yu x4uap5 x18d9i69 xkhd6sd\" dir=\"auto\">\n<div class=\"html-div xdj266r x11i5rnm xat24cr x1mh8g0r xexx8yu x4uap5 x18d9i69 xkhd6sd\" data-ad-rendering-role=\"story_message\">\n<div id=\":r1n:\" class=\"x1l90r2v x1pi30zi x1swvt13 x1iorvi4\" data-ad-comet-preview=\"message\" data-ad-preview=\"message\">\n<div class=\"x78zum5 xdt5ytf xz62fqu x16ldp7u\">\n<div class=\"xu06os2 x1ok221b\">\n<div class=\"x11i5rnm xat24cr x1mh8g0r x1vvkbs xtlvy1s x126k92a\">\n<div dir=\"auto\"><span class=\"html-span xexx8yu x4uap5 x18d9i69 xkhd6sd x1hl2dhg x16tdsg8 x1vvkbs x3nfvp2 x1j61x8r x1fcty0u xdj266r xat24cr xgzva0m xhhsvwb xxymvpz xlup9mm x1kky2od\"><img decoding=\"async\" class=\"xz74otr\" src=\"https:\/\/static.xx.fbcdn.net\/images\/emoji.php\/v9\/t8e\/1\/16\/2139.png\" alt=\"\u2139\" width=\"16\" height=\"16\" \/><\/span> Para participar es importante tener en cuenta la siguiente informaci\u00f3n:<\/div>\n<div dir=\"auto\"><span class=\"html-span xexx8yu x4uap5 x18d9i69 xkhd6sd x1hl2dhg x16tdsg8 x1vvkbs x3nfvp2 x1j61x8r x1fcty0u xdj266r xat24cr xgzva0m xhhsvwb xxymvpz xlup9mm x1kky2od\"><img decoding=\"async\" class=\"xz74otr\" src=\"https:\/\/static.xx.fbcdn.net\/images\/emoji.php\/v9\/tff\/1\/16\/1f4c6.png\" alt=\"\ud83d\udcc6\" width=\"16\" height=\"16\" \/><\/span> Viernes 13 y 20 de diciembre<\/div>\n<div dir=\"auto\"><span class=\"html-span xexx8yu x4uap5 x18d9i69 xkhd6sd x1hl2dhg x16tdsg8 x1vvkbs x3nfvp2 x1j61x8r x1fcty0u xdj266r xat24cr xgzva0m xhhsvwb xxymvpz xlup9mm x1kky2od\"><img loading=\"lazy\" decoding=\"async\" class=\"xz74otr\" src=\"https:\/\/static.xx.fbcdn.net\/images\/emoji.php\/v9\/t9e\/1\/16\/27a1.png\" alt=\"\u27a1\" width=\"16\" height=\"16\" \/><\/span>Dos turnos:<\/div>\n<div dir=\"auto\"><span class=\"html-span xexx8yu x4uap5 x18d9i69 xkhd6sd x1hl2dhg x16tdsg8 x1vvkbs x3nfvp2 x1j61x8r x1fcty0u xdj266r xat24cr xgzva0m xhhsvwb xxymvpz xlup9mm x1kky2od\"><img loading=\"lazy\" decoding=\"async\" class=\"xz74otr\" src=\"https:\/\/static.xx.fbcdn.net\/images\/emoji.php\/v9\/taa\/1\/16\/1f552.png\" alt=\"\ud83d\udd52\" width=\"16\" height=\"16\" \/><\/span>17:30 a 18:30 h Infantil (escolarizados en aula de 3 a\u00f1os)<\/div>\n<div dir=\"auto\"><span class=\"html-span xexx8yu x4uap5 x18d9i69 xkhd6sd x1hl2dhg x16tdsg8 x1vvkbs x3nfvp2 x1j61x8r x1fcty0u xdj266r xat24cr xgzva0m xhhsvwb xxymvpz xlup9mm x1kky2od\"><img loading=\"lazy\" decoding=\"async\" class=\"xz74otr\" src=\"https:\/\/static.xx.fbcdn.net\/images\/emoji.php\/v9\/taa\/1\/16\/1f552.png\" alt=\"\ud83d\udd52\" width=\"16\" height=\"16\" \/><\/span>18:45 a 19:45 h de 6 a 12 a\u00f1os (primaria)<\/div>\n<div dir=\"auto\"><span class=\"html-span xexx8yu x4uap5 x18d9i69 xkhd6sd x1hl2dhg x16tdsg8 x1vvkbs x3nfvp2 x1j61x8r x1fcty0u xdj266r xat24cr xgzva0m xhhsvwb xxymvpz xlup9mm x1kky2od\"><img loading=\"lazy\" decoding=\"async\" class=\"xz74otr\" src=\"https:\/\/static.xx.fbcdn.net\/images\/emoji.php\/v9\/t9e\/1\/16\/27a1.png\" alt=\"\u27a1\" width=\"16\" height=\"16\" \/><\/span>Actividad GRATUITA. Plazas limitadas.<\/div>\n<div dir=\"auto\"><\/div>\n<\/div>\n<div class=\"x11i5rnm xat24cr x1mh8g0r x1vvkbs xtlvy1s x126k92a\">\n<div dir=\"auto\"><span class=\"html-span xexx8yu x4uap5 x18d9i69 xkhd6sd x1hl2dhg x16tdsg8 x1vvkbs x3nfvp2 x1j61x8r x1fcty0u xdj266r xat24cr xgzva0m xhhsvwb xxymvpz xlup9mm x1kky2od\"><img decoding=\"async\" class=\"xz74otr\" src=\"https:\/\/static.xx.fbcdn.net\/images\/emoji.php\/v9\/t8e\/1\/16\/2139.png\" alt=\"\u2139\" width=\"16\" height=\"16\" \/><\/span> Imprescindible inscribirse: (Las inscripciones se abrir\u00e1n a principios de la semana. Recuerda que no puedes inscribirte en todas las actividades del mes a la vez; deber\u00e1s hacerlo por separado en cada una de ellas. Hasta las 12:00h del jueves)<\/div>\n<div dir=\"auto\"><\/div>\n<\/div>\n<div class=\"x11i5rnm xat24cr x1mh8g0r x1vvkbs xtlvy1s x126k92a\">\n<div dir=\"auto\"><span class=\"html-span xexx8yu x4uap5 x18d9i69 xkhd6sd x1hl2dhg x16tdsg8 x1vvkbs x3nfvp2 x1j61x8r x1fcty0u xdj266r xat24cr xgzva0m xhhsvwb xxymvpz xlup9mm x1kky2od\"><img loading=\"lazy\" decoding=\"async\" class=\"xz74otr\" src=\"https:\/\/static.xx.fbcdn.net\/images\/emoji.php\/v9\/tdc\/1\/16\/26a0.png\" alt=\"\u26a0\ufe0f\" width=\"16\" height=\"16\" \/><\/span> Para realizar la prescripci\u00f3n es necesario aportar los siguientes datos de: nombre completo, edad, tel\u00e9fono de contacto, correo electr\u00f3nico, alergias o intolerancias alimentarias, s\u00ed o no autoriza para poder hacer fotograf\u00edas y municipio de empadronamiento.<\/div>\n<\/div>\n<div class=\"x11i5rnm xat24cr x1mh8g0r x1vvkbs xtlvy1s x126k92a\">\n<div dir=\"auto\"><span class=\"html-span xexx8yu x4uap5 x18d9i69 xkhd6sd x1hl2dhg x16tdsg8 x1vvkbs x3nfvp2 x1j61x8r x1fcty0u xdj266r xat24cr xgzva0m xhhsvwb xxymvpz xlup9mm x1kky2od\"><img loading=\"lazy\" decoding=\"async\" class=\"xz74otr\" src=\"https:\/\/static.xx.fbcdn.net\/images\/emoji.php\/v9\/t9e\/1\/16\/27a1.png\" alt=\"\u27a1\" width=\"16\" height=\"16\" \/><\/span>El d\u00eda previo se llamar\u00e1 a las personas que hayan obtenido plaza.<\/div>\n<div dir=\"auto\"><span class=\"html-span xexx8yu x4uap5 x18d9i69 xkhd6sd x1hl2dhg x16tdsg8 x1vvkbs x3nfvp2 x1j61x8r x1fcty0u xdj266r xat24cr xgzva0m xhhsvwb xxymvpz xlup9mm x1kky2od\"><img loading=\"lazy\" decoding=\"async\" class=\"xz74otr\" src=\"https:\/\/static.xx.fbcdn.net\/images\/emoji.php\/v9\/t22\/1\/16\/260e.png\" alt=\"\u260e\ufe0f\" width=\"16\" height=\"16\" \/><\/span>942 52 26 85 (Tambi\u00e9n por WhatsApp al mismo n\u00famero)<\/div>\n<div dir=\"auto\"><span class=\"html-span xexx8yu x4uap5 x18d9i69 xkhd6sd x1hl2dhg x16tdsg8 x1vvkbs x3nfvp2 x1j61x8r x1fcty0u xdj266r xat24cr xgzva0m xhhsvwb xxymvpz xlup9mm x1kky2od\"><img loading=\"lazy\" decoding=\"async\" class=\"xz74otr\" src=\"https:\/\/static.xx.fbcdn.net\/images\/emoji.php\/v9\/tbe\/1\/16\/1f4e7.png\" alt=\"\ud83d\udce7\" width=\"16\" height=\"16\" \/><\/span>Centrocultural@mediocudeyo.es<\/div>\n<\/div>\n<div class=\"x11i5rnm xat24cr x1mh8g0r x1vvkbs xtlvy1s x126k92a\">\n<div dir=\"auto\"><\/div>\n<\/div>\n<\/div>\n<\/div>\n<\/div>\n<\/div>\n<\/div>\n<div class=\"xi81zsa xo1l8bm xlyipyv xuxw1ft x49crj4 x1ed109x xdl72j9 x1iyjqo2 xs83m0k x6prxxf x6ikm8r x10wlt62 x1y1aw1k xn6708d xwib8y2 x1ye3gou\" data-visualcompletion=\"ignore\">\n<div class=\"xb57i2i x1q594ok x5lxg6s x78zum5 xdt5ytf x6ikm8r x1ja2u2z x1pq812k x1rohswg xfk6m8 x1yqm8si xjx87ck xx8ngbg xwo3gff x1n2onr6 x1oyok0e x1odjw0f x1e4zzel x3d5gib\">\n<div class=\"x9f619 x1s85apg xds687c xg01cxk xexx8yu x18d9i69 x1e558r4 x150jy0e x47corl x10l6tqk x13vifvy x1n4smgl x1d8287x x19991ni xwji4o3 x1kky2od\" data-visualcompletion=\"ignore\" data-thumb=\"1\">\n<div class=\"x1hwfnsy x1lcm9me x1yr5g0i xrt01vj x10y3i5r x5yr21d xh8yej3\"><\/div>\n<\/div>\n<\/div>\n<\/div>\n","protected":false},"excerpt":{"rendered":"<p>\ud83d\udcda\ud83c\udf89 \u00a1Ya tenemos el cartel de diciembre para nuestras actividades de animaci\u00f3n a la lectura para los m\u00e1s peque\u00f1os, todos los viernes! \ud83d\udc67\ud83d\udc66 \ud83c\udf84\ud83c\udf85\ud83c\udf81\u00a1Esta vez, edici\u00f3n navidad! \ud83c\udf84\ud83c\udf85\ud83c\udf81 Para participar [&hellip;]<\/p>\n","protected":false},"author":4,"featured_media":23471,"comment_status":"closed","ping_status":"closed","sticky":false,"template":"","format":"standard","meta":{"footnotes":""},"categories":[35,37,59],"tags":[178],"class_list":["post-23470","post","type-post","status-publish","format-standard","has-post-thumbnail","hentry","category-biblioteca","category-centro-cultural","category-cultura","tag-animacion-a-la-lectura"],"_links":{"self":[{"href":"https:\/\/mediocudeyo.es\/web\/wp-json\/wp\/v2\/posts\/23470"}],"collection":[{"href":"https:\/\/mediocudeyo.es\/web\/wp-json\/wp\/v2\/posts"}],"about":[{"href":"https:\/\/mediocudeyo.es\/web\/wp-json\/wp\/v2\/types\/post"}],"author":[{"embeddable":true,"href":"https:\/\/mediocudeyo.es\/web\/wp-json\/wp\/v2\/users\/4"}],"replies":[{"embeddable":true,"href":"https:\/\/mediocudeyo.es\/web\/wp-json\/wp\/v2\/comments?post=23470"}],"version-history":[{"count":2,"href":"https:\/\/mediocudeyo.es\/web\/wp-json\/wp\/v2\/posts\/23470\/revisions"}],"predecessor-version":[{"id":23480,"href":"https:\/\/mediocudeyo.es\/web\/wp-json\/wp\/v2\/posts\/23470\/revisions\/23480"}],"wp:featuredmedia":[{"embeddable":true,"href":"https:\/\/mediocudeyo.es\/web\/wp-json\/wp\/v2\/media\/23471"}],"wp:attachment":[{"href":"https:\/\/mediocudeyo.es\/web\/wp-json\/wp\/v2\/media?parent=23470"}],"wp:term":[{"taxonomy":"category","embeddable":true,"href":"https:\/\/mediocudeyo.es\/web\/wp-json\/wp\/v2\/categories?post=23470"},{"taxonomy":"post_tag","embeddable":true,"href":"https:\/\/mediocudeyo.es\/web\/wp-json\/wp\/v2\/tags?post=23470"}],"curies":[{"name":"wp","href":"https:\/\/api.w.org\/{rel}","templated":true}]}}