{"id":2350,"date":"2017-08-10T10:33:31","date_gmt":"2017-08-10T09:33:31","guid":{"rendered":"http:\/\/mediocudeyo.es\/web\/?p=2350"},"modified":"2022-12-12T11:49:46","modified_gmt":"2022-12-12T11:49:46","slug":"martes-15-de-agosto-concierto-de-azucar-moreno","status":"publish","type":"post","link":"https:\/\/mediocudeyo.es\/web\/martes-15-de-agosto-concierto-de-azucar-moreno\/","title":{"rendered":"Martes 15 de agosto, Concierto de Azucar Moreno"},"content":{"rendered":"<p>Concierto de Azucar Moreno en el parque del Ferial de Solares.<br \/>\nEl d\u00eda 15 de agosto a las 21:00h. podremos disfrutar del d\u00fao musical formado por las hermanas Encarna y To\u00f1i Salazar, que realizar\u00e1n un repaso a su carrera musical recordando sus \u00e9xitos.<img fetchpriority=\"high\" decoding=\"async\" class=\"alignnone size-large wp-image-2351\" src=\"http:\/\/mediocudeyo.es\/web\/wp-content\/uploads\/2017\/08\/AZUCAR-MORENO--726x1024.jpg\" alt=\"azucar-moreno\" width=\"474\" height=\"669\" \/><\/p>\n","protected":false},"excerpt":{"rendered":"<p>Concierto de Azucar Moreno en el parque del Ferial de Solares. El d\u00eda 15 de agosto a las 21:00h. podremos disfrutar del d\u00fao musical formado por las hermanas Encarna y [&hellip;]<\/p>\n","protected":false},"author":4,"featured_media":0,"comment_status":"closed","ping_status":"closed","sticky":false,"template":"","format":"standard","meta":{"footnotes":""},"categories":[1],"tags":[],"class_list":["post-2350","post","type-post","status-publish","format-standard","hentry","category-sin-categoria"],"_links":{"self":[{"href":"https:\/\/mediocudeyo.es\/web\/wp-json\/wp\/v2\/posts\/2350"}],"collection":[{"href":"https:\/\/mediocudeyo.es\/web\/wp-json\/wp\/v2\/posts"}],"about":[{"href":"https:\/\/mediocudeyo.es\/web\/wp-json\/wp\/v2\/types\/post"}],"author":[{"embeddable":true,"href":"https:\/\/mediocudeyo.es\/web\/wp-json\/wp\/v2\/users\/4"}],"replies":[{"embeddable":true,"href":"https:\/\/mediocudeyo.es\/web\/wp-json\/wp\/v2\/comments?post=2350"}],"version-history":[{"count":1,"href":"https:\/\/mediocudeyo.es\/web\/wp-json\/wp\/v2\/posts\/2350\/revisions"}],"predecessor-version":[{"id":17863,"href":"https:\/\/mediocudeyo.es\/web\/wp-json\/wp\/v2\/posts\/2350\/revisions\/17863"}],"wp:attachment":[{"href":"https:\/\/mediocudeyo.es\/web\/wp-json\/wp\/v2\/media?parent=2350"}],"wp:term":[{"taxonomy":"category","embeddable":true,"href":"https:\/\/mediocudeyo.es\/web\/wp-json\/wp\/v2\/categories?post=2350"},{"taxonomy":"post_tag","embeddable":true,"href":"https:\/\/mediocudeyo.es\/web\/wp-json\/wp\/v2\/tags?post=2350"}],"curies":[{"name":"wp","href":"https:\/\/api.w.org\/{rel}","templated":true}]}}