{"id":23618,"date":"2025-01-16T12:00:34","date_gmt":"2025-01-16T10:00:34","guid":{"rendered":"https:\/\/mediocudeyo.es\/web\/?p=23618"},"modified":"2025-01-13T20:08:55","modified_gmt":"2025-01-13T18:08:55","slug":"filmoteca-volver-a-vivir","status":"publish","type":"post","link":"https:\/\/mediocudeyo.es\/web\/filmoteca-volver-a-vivir\/","title":{"rendered":"Filmoteca: \u00abVolver a vivir\u00bb"},"content":{"rendered":"<div class=\"travly-single-blog-title\"><img fetchpriority=\"high\" decoding=\"async\" class=\"alignnone size-medium wp-image-23622\" src=\"https:\/\/mediocudeyo.es\/web\/wp-content\/uploads\/2025\/01\/FILMOTECA-Volver-a-vivir-19-01-2025-240x300.png\" alt=\"\" width=\"240\" height=\"300\" srcset=\"https:\/\/mediocudeyo.es\/web\/wp-content\/uploads\/2025\/01\/FILMOTECA-Volver-a-vivir-19-01-2025-240x300.png 240w, https:\/\/mediocudeyo.es\/web\/wp-content\/uploads\/2025\/01\/FILMOTECA-Volver-a-vivir-19-01-2025-819x1024.png 819w, https:\/\/mediocudeyo.es\/web\/wp-content\/uploads\/2025\/01\/FILMOTECA-Volver-a-vivir-19-01-2025-768x960.png 768w, https:\/\/mediocudeyo.es\/web\/wp-content\/uploads\/2025\/01\/FILMOTECA-Volver-a-vivir-19-01-2025.png 1080w\" sizes=\"(max-width: 240px) 100vw, 240px\" \/><\/div>\n<div class=\"travly-single-blog-content\">\n<div class=\"single-blog-content\">\n<div class=\"xdj266r x11i5rnm xat24cr x1mh8g0r x1vvkbs x126k92a\">\n<div dir=\"auto\">\n<div class=\"\" data-block=\"true\" data-editor=\"dpi6d\" data-offset-key=\"2t9ph-0-0\">\n<div class=\"_1mf _1mj\" data-offset-key=\"2t9ph-0-0\"><span data-offset-key=\"2t9ph-0-0\">Este domingo 19 de enero tienes una cita con el buen cine en el Centro Cultural! \ud83c\udfa5\u2728<\/span><\/div>\n<\/div>\n<div class=\"\" data-block=\"true\" data-editor=\"dpi6d\" data-offset-key=\"3m6up-0-0\"><\/div>\n<div class=\"\" data-block=\"true\" data-editor=\"dpi6d\" data-offset-key=\"euplh-0-0\">\n<div class=\"_1mf _1mj\" data-offset-key=\"euplh-0-0\">\n<div class=\"xdj266r x11i5rnm xat24cr x1mh8g0r x1vvkbs x126k92a\">\n<div dir=\"auto\">\n<div class=\"\" data-block=\"true\" data-editor=\"dpi6d\" data-offset-key=\"euplh-0-0\">\n<div class=\"_1mf _1mj\" data-offset-key=\"euplh-0-0\"><span data-offset-key=\"euplh-0-0\">No te pierdas la proyecci\u00f3n de \u201cVolver a vivir\u201dde <span id=\"country-img\"><\/span><\/span><span class=\"nb\"> Mario Camus <\/span><span data-offset-key=\"euplh-0-0\"><span class=\"nb\">(<span id=\"country-img\"><img decoding=\"async\" class=\"nflag\" src=\"https:\/\/www.filmaffinity.com\/imgs\/countries2\/ES.png\" alt=\"Espa\u00f1a\" width=\"18\" height=\"13\" \/><\/span> Espa\u00f1a)<\/span>, pel\u00edcula de esta temporada de la Filmoteca Regional.\u00a0 <\/span><\/div>\n<\/div>\n<\/div>\n<div dir=\"auto\"><\/div>\n<\/div>\n<div class=\"x11i5rnm xat24cr x1mh8g0r x1vvkbs xtlvy1s x126k92a\">\n<div dir=\"auto\"><span class=\"x3nfvp2 x1j61x8r x1fcty0u xdj266r xhhsvwb xat24cr xgzva0m xxymvpz xlup9mm x1kky2od\"><img decoding=\"async\" class=\"xz74otr\" src=\"https:\/\/static.xx.fbcdn.net\/images\/emoji.php\/v9\/t40\/1\/16\/25b6.png\" alt=\"\u25b6\ufe0f\" width=\"16\" height=\"16\" \/><\/span> <strong>Sinopsis<\/strong>:Luis Rubio, famoso ex jugador de f\u00fatbol, vuelve a Espa\u00f1a despu\u00e9s de haber estado en Am\u00e9rica, contratado por un club de Segunda Divisi\u00f3n. El pasado de Luis Rubio es demasiado oscuro y hay con \u00e9l ciertos resentimientos. Prepara el equipo y figura en primer lugar del campeonato.<\/div>\n<div dir=\"auto\"><\/div>\n<\/div>\n<div class=\"x11i5rnm xat24cr x1mh8g0r x1vvkbs xtlvy1s x126k92a\">\n<div dir=\"auto\"><span class=\"x3nfvp2 x1j61x8r x1fcty0u xdj266r xhhsvwb xat24cr xgzva0m xxymvpz xlup9mm x1kky2od\"><img loading=\"lazy\" decoding=\"async\" class=\"xz74otr\" src=\"https:\/\/static.xx.fbcdn.net\/images\/emoji.php\/v9\/t7e\/1\/16\/1f4c5.png\" alt=\"\ud83d\udcc5\" width=\"16\" height=\"16\" \/><\/span> Domingo 19 de enero <span class=\"x3nfvp2 x1j61x8r x1fcty0u xdj266r xhhsvwb xat24cr xgzva0m xxymvpz xlup9mm x1kky2od\"><img loading=\"lazy\" decoding=\"async\" class=\"xz74otr\" src=\"https:\/\/static.xx.fbcdn.net\/images\/emoji.php\/v9\/t34\/1\/16\/23f0.png\" alt=\"\u23f0\" width=\"16\" height=\"16\" \/><\/span> 19:30 h.<\/div>\n<div dir=\"auto\"><span class=\"x3nfvp2 x1j61x8r x1fcty0u xdj266r xhhsvwb xat24cr xgzva0m xxymvpz xlup9mm x1kky2od\"><img loading=\"lazy\" decoding=\"async\" class=\"xz74otr\" src=\"https:\/\/static.xx.fbcdn.net\/images\/emoji.php\/v9\/tdf\/1\/16\/1f4b5.png\" alt=\"\ud83d\udcb5\" width=\"16\" height=\"16\" \/><\/span> Entrada: 1,5\u20ac \u2013 venta directa en taquilla desde media hora antes.<\/div>\n<div dir=\"auto\"><span data-offset-key=\"d72in-0-0\">\ud83d\udccd D\u00f3nde: Centro Cultural<\/span><\/div>\n<\/div>\n<\/div>\n<\/div>\n<\/div>\n<\/div>\n<\/div>\n<\/div>\n","protected":false},"excerpt":{"rendered":"<p>Este domingo 19 de enero tienes una cita con el buen cine en el Centro Cultural! \ud83c\udfa5\u2728 No te pierdas la proyecci\u00f3n de \u201cVolver a vivir\u201dde Mario Camus ( Espa\u00f1a), [&hellip;]<\/p>\n","protected":false},"author":4,"featured_media":23622,"comment_status":"closed","ping_status":"closed","sticky":false,"template":"","format":"standard","meta":{"footnotes":""},"categories":[37,59,43],"tags":[105],"class_list":["post-23618","post","type-post","status-publish","format-standard","has-post-thumbnail","hentry","category-centro-cultural","category-cultura","category-filmoteca","tag-filmoteca-regional"],"_links":{"self":[{"href":"https:\/\/mediocudeyo.es\/web\/wp-json\/wp\/v2\/posts\/23618"}],"collection":[{"href":"https:\/\/mediocudeyo.es\/web\/wp-json\/wp\/v2\/posts"}],"about":[{"href":"https:\/\/mediocudeyo.es\/web\/wp-json\/wp\/v2\/types\/post"}],"author":[{"embeddable":true,"href":"https:\/\/mediocudeyo.es\/web\/wp-json\/wp\/v2\/users\/4"}],"replies":[{"embeddable":true,"href":"https:\/\/mediocudeyo.es\/web\/wp-json\/wp\/v2\/comments?post=23618"}],"version-history":[{"count":4,"href":"https:\/\/mediocudeyo.es\/web\/wp-json\/wp\/v2\/posts\/23618\/revisions"}],"predecessor-version":[{"id":23665,"href":"https:\/\/mediocudeyo.es\/web\/wp-json\/wp\/v2\/posts\/23618\/revisions\/23665"}],"wp:featuredmedia":[{"embeddable":true,"href":"https:\/\/mediocudeyo.es\/web\/wp-json\/wp\/v2\/media\/23622"}],"wp:attachment":[{"href":"https:\/\/mediocudeyo.es\/web\/wp-json\/wp\/v2\/media?parent=23618"}],"wp:term":[{"taxonomy":"category","embeddable":true,"href":"https:\/\/mediocudeyo.es\/web\/wp-json\/wp\/v2\/categories?post=23618"},{"taxonomy":"post_tag","embeddable":true,"href":"https:\/\/mediocudeyo.es\/web\/wp-json\/wp\/v2\/tags?post=23618"}],"curies":[{"name":"wp","href":"https:\/\/api.w.org\/{rel}","templated":true}]}}