{"id":2368,"date":"2017-08-18T15:19:40","date_gmt":"2017-08-18T15:19:40","guid":{"rendered":"http:\/\/mediocudeyo.es\/web\/?p=2368"},"modified":"2022-12-12T11:38:30","modified_gmt":"2022-12-12T11:38:30","slug":"apertura-aulas-de-estudio","status":"publish","type":"post","link":"https:\/\/mediocudeyo.es\/web\/apertura-aulas-de-estudio\/","title":{"rendered":"\u00a1Apertura aulas de estudio!"},"content":{"rendered":"<p>Ma\u00f1ana s\u00e1bado 19 de agosto nuestras aulas de estudio estar\u00e1n abiertas de 9:00h a 19:00h. Tambi\u00e9n se abrir\u00e1n los pr\u00f3ximos s\u00e1bados 26 de agosto y 2 de septiembre en el mismo horario.<\/p>\n<p><img fetchpriority=\"high\" decoding=\"async\" class=\"alignnone size-full wp-image-2369\" src=\"http:\/\/mediocudeyo.es\/web\/wp-content\/uploads\/2017\/08\/Aulas-de-estudio-ago-septi-2017-1-768x543.jpg\" alt=\"aulas-de-estudio-ago-septi-2017-1-768x543\" width=\"768\" height=\"543\" \/><\/p>\n","protected":false},"excerpt":{"rendered":"<p>Ma\u00f1ana s\u00e1bado 19 de agosto nuestras aulas de estudio estar\u00e1n abiertas de 9:00h a 19:00h. Tambi\u00e9n se abrir\u00e1n los pr\u00f3ximos s\u00e1bados 26 de agosto y 2 de septiembre en el [&hellip;]<\/p>\n","protected":false},"author":4,"featured_media":0,"comment_status":"closed","ping_status":"closed","sticky":false,"template":"","format":"standard","meta":{"footnotes":""},"categories":[59],"tags":[],"class_list":["post-2368","post","type-post","status-publish","format-standard","hentry","category-cultura"],"_links":{"self":[{"href":"https:\/\/mediocudeyo.es\/web\/wp-json\/wp\/v2\/posts\/2368"}],"collection":[{"href":"https:\/\/mediocudeyo.es\/web\/wp-json\/wp\/v2\/posts"}],"about":[{"href":"https:\/\/mediocudeyo.es\/web\/wp-json\/wp\/v2\/types\/post"}],"author":[{"embeddable":true,"href":"https:\/\/mediocudeyo.es\/web\/wp-json\/wp\/v2\/users\/4"}],"replies":[{"embeddable":true,"href":"https:\/\/mediocudeyo.es\/web\/wp-json\/wp\/v2\/comments?post=2368"}],"version-history":[{"count":1,"href":"https:\/\/mediocudeyo.es\/web\/wp-json\/wp\/v2\/posts\/2368\/revisions"}],"predecessor-version":[{"id":17684,"href":"https:\/\/mediocudeyo.es\/web\/wp-json\/wp\/v2\/posts\/2368\/revisions\/17684"}],"wp:attachment":[{"href":"https:\/\/mediocudeyo.es\/web\/wp-json\/wp\/v2\/media?parent=2368"}],"wp:term":[{"taxonomy":"category","embeddable":true,"href":"https:\/\/mediocudeyo.es\/web\/wp-json\/wp\/v2\/categories?post=2368"},{"taxonomy":"post_tag","embeddable":true,"href":"https:\/\/mediocudeyo.es\/web\/wp-json\/wp\/v2\/tags?post=2368"}],"curies":[{"name":"wp","href":"https:\/\/api.w.org\/{rel}","templated":true}]}}