{"id":2375,"date":"2017-08-21T08:49:20","date_gmt":"2017-08-21T07:49:20","guid":{"rendered":"http:\/\/mediocudeyo.es\/web\/?p=2375"},"modified":"2017-08-21T08:49:20","modified_gmt":"2017-08-21T07:49:20","slug":"exposicion-de-fotografias-santander-luz-y-mar","status":"publish","type":"post","link":"https:\/\/mediocudeyo.es\/web\/exposicion-de-fotografias-santander-luz-y-mar\/","title":{"rendered":"Exposici\u00f3n de fotograf\u00edas: Santander: Luz y Mar"},"content":{"rendered":"<p><img fetchpriority=\"high\" decoding=\"async\" class=\"alignnone size-large wp-image-2358\" src=\"http:\/\/mediocudeyo.es\/web\/wp-content\/uploads\/2017\/08\/Cartel-Expo-Santander-Luz-y-Mar-Bueno-724x1024.jpg\" alt=\"cartel-expo-santander-luz-y-mar-bueno\" width=\"474\" height=\"670\" \/><\/p>\n<p>Esta semana en el Centro Cultural Ram\u00f3n Pelayo contin\u00faa la exposici\u00f3n de fotos de Javier Membrado. SANTANDER: LUZ Y MAR. Podr\u00e1n visitarla hasta el d\u00eda 31 de agosto de 9:00h a 15:00h. \u00a1Os esperamos!<\/p>\n","protected":false},"excerpt":{"rendered":"<p>Esta semana en el Centro Cultural Ram\u00f3n Pelayo contin\u00faa la exposici\u00f3n de fotos de Javier Membrado. SANTANDER: LUZ Y MAR. Podr\u00e1n visitarla hasta el d\u00eda 31 de agosto de 9:00h [&hellip;]<\/p>\n","protected":false},"author":4,"featured_media":0,"comment_status":"closed","ping_status":"closed","sticky":false,"template":"","format":"standard","meta":{"footnotes":""},"categories":[59],"tags":[],"class_list":["post-2375","post","type-post","status-publish","format-standard","hentry","category-cultura"],"_links":{"self":[{"href":"https:\/\/mediocudeyo.es\/web\/wp-json\/wp\/v2\/posts\/2375"}],"collection":[{"href":"https:\/\/mediocudeyo.es\/web\/wp-json\/wp\/v2\/posts"}],"about":[{"href":"https:\/\/mediocudeyo.es\/web\/wp-json\/wp\/v2\/types\/post"}],"author":[{"embeddable":true,"href":"https:\/\/mediocudeyo.es\/web\/wp-json\/wp\/v2\/users\/4"}],"replies":[{"embeddable":true,"href":"https:\/\/mediocudeyo.es\/web\/wp-json\/wp\/v2\/comments?post=2375"}],"version-history":[{"count":0,"href":"https:\/\/mediocudeyo.es\/web\/wp-json\/wp\/v2\/posts\/2375\/revisions"}],"wp:attachment":[{"href":"https:\/\/mediocudeyo.es\/web\/wp-json\/wp\/v2\/media?parent=2375"}],"wp:term":[{"taxonomy":"category","embeddable":true,"href":"https:\/\/mediocudeyo.es\/web\/wp-json\/wp\/v2\/categories?post=2375"},{"taxonomy":"post_tag","embeddable":true,"href":"https:\/\/mediocudeyo.es\/web\/wp-json\/wp\/v2\/tags?post=2375"}],"curies":[{"name":"wp","href":"https:\/\/api.w.org\/{rel}","templated":true}]}}