{"id":2391,"date":"2017-08-20T07:41:10","date_gmt":"2017-08-20T06:41:10","guid":{"rendered":"http:\/\/mediocudeyo.es\/web\/?p=2391"},"modified":"2017-08-20T07:41:10","modified_gmt":"2017-08-20T06:41:10","slug":"llego-el-dia-hoy-nos-vamos-de-cine","status":"publish","type":"post","link":"https:\/\/mediocudeyo.es\/web\/llego-el-dia-hoy-nos-vamos-de-cine\/","title":{"rendered":"\u00a1LLEG\u00d3 EL D\u00cdA! HOY NOS VAMOS DE CINE"},"content":{"rendered":"<p>Hoy 23 de agosto en la Pista Polideportiva del Parque Monse\u00f1or de Cos Solares a las 22:00h.<br \/>\nCircuito de Cine al Aire Libre \u00abenREDarte\u00bb del Gobierno de Cantabria.<img fetchpriority=\"high\" decoding=\"async\" class=\"alignnone size-large wp-image-2347\" src=\"http:\/\/mediocudeyo.es\/web\/wp-content\/uploads\/2017\/08\/stuffer-zootropolis-ok-dig-img2-488x1024.jpg\" alt=\"stuffer-zootropolis-ok-dig-img2\" width=\"474\" height=\"995\" \/><\/p>\n","protected":false},"excerpt":{"rendered":"<p>Hoy 23 de agosto en la Pista Polideportiva del Parque Monse\u00f1or de Cos Solares a las 22:00h. Circuito de Cine al Aire Libre \u00abenREDarte\u00bb del Gobierno de Cantabria.<\/p>\n","protected":false},"author":4,"featured_media":0,"comment_status":"closed","ping_status":"closed","sticky":false,"template":"","format":"standard","meta":{"footnotes":""},"categories":[59],"tags":[],"class_list":["post-2391","post","type-post","status-publish","format-standard","hentry","category-cultura"],"_links":{"self":[{"href":"https:\/\/mediocudeyo.es\/web\/wp-json\/wp\/v2\/posts\/2391"}],"collection":[{"href":"https:\/\/mediocudeyo.es\/web\/wp-json\/wp\/v2\/posts"}],"about":[{"href":"https:\/\/mediocudeyo.es\/web\/wp-json\/wp\/v2\/types\/post"}],"author":[{"embeddable":true,"href":"https:\/\/mediocudeyo.es\/web\/wp-json\/wp\/v2\/users\/4"}],"replies":[{"embeddable":true,"href":"https:\/\/mediocudeyo.es\/web\/wp-json\/wp\/v2\/comments?post=2391"}],"version-history":[{"count":0,"href":"https:\/\/mediocudeyo.es\/web\/wp-json\/wp\/v2\/posts\/2391\/revisions"}],"wp:attachment":[{"href":"https:\/\/mediocudeyo.es\/web\/wp-json\/wp\/v2\/media?parent=2391"}],"wp:term":[{"taxonomy":"category","embeddable":true,"href":"https:\/\/mediocudeyo.es\/web\/wp-json\/wp\/v2\/categories?post=2391"},{"taxonomy":"post_tag","embeddable":true,"href":"https:\/\/mediocudeyo.es\/web\/wp-json\/wp\/v2\/tags?post=2391"}],"curies":[{"name":"wp","href":"https:\/\/api.w.org\/{rel}","templated":true}]}}