{"id":23942,"date":"2025-03-18T13:31:10","date_gmt":"2025-03-18T11:31:10","guid":{"rendered":"https:\/\/mediocudeyo.es\/web\/?p=23942"},"modified":"2025-03-18T13:31:10","modified_gmt":"2025-03-18T11:31:10","slug":"fusionarte-primavera-2025","status":"publish","type":"post","link":"https:\/\/mediocudeyo.es\/web\/fusionarte-primavera-2025\/","title":{"rendered":"FUSIONARTE PRIMAVERA 2025"},"content":{"rendered":"<div class=\"xdj266r x11i5rnm xat24cr x1mh8g0r x1vvkbs x126k92a\">\n<div dir=\"auto\"><img fetchpriority=\"high\" decoding=\"async\" class=\"alignnone size-medium wp-image-23946\" src=\"https:\/\/mediocudeyo.es\/web\/wp-content\/uploads\/2025\/03\/FusionARTE-CARTEL-para-RR.SS-y-web-212x300.jpg\" alt=\"\" width=\"212\" height=\"300\" srcset=\"https:\/\/mediocudeyo.es\/web\/wp-content\/uploads\/2025\/03\/FusionARTE-CARTEL-para-RR.SS-y-web-212x300.jpg 212w, https:\/\/mediocudeyo.es\/web\/wp-content\/uploads\/2025\/03\/FusionARTE-CARTEL-para-RR.SS-y-web-724x1024.jpg 724w, https:\/\/mediocudeyo.es\/web\/wp-content\/uploads\/2025\/03\/FusionARTE-CARTEL-para-RR.SS-y-web-768x1086.jpg 768w, https:\/\/mediocudeyo.es\/web\/wp-content\/uploads\/2025\/03\/FusionARTE-CARTEL-para-RR.SS-y-web-1086x1536.jpg 1086w, https:\/\/mediocudeyo.es\/web\/wp-content\/uploads\/2025\/03\/FusionARTE-CARTEL-para-RR.SS-y-web-1448x2048.jpg 1448w, https:\/\/mediocudeyo.es\/web\/wp-content\/uploads\/2025\/03\/FusionARTE-CARTEL-para-RR.SS-y-web.jpg 1587w\" sizes=\"(max-width: 212px) 100vw, 212px\" \/><\/div>\n<\/div>\n<div dir=\"auto\"><\/div>\n<div class=\"xdj266r x11i5rnm xat24cr x1mh8g0r x1vvkbs x126k92a\">\n<div dir=\"auto\">\u00a1\u00a1FusionARTE 2025!! <span class=\"html-span xexx8yu x4uap5 x18d9i69 xkhd6sd x1hl2dhg x16tdsg8 x1vvkbs x3nfvp2 x1j61x8r x1fcty0u xdj266r xat24cr xgzva0m xhhsvwb xxymvpz xlup9mm x1kky2od\"><img decoding=\"async\" class=\"xz74otr x168nmei x13lgxp2 x5pf9jr xo71vjh\" src=\"https:\/\/static.xx.fbcdn.net\/images\/emoji.php\/v9\/t8c\/1\/16\/1f389.png\" alt=\"\ud83c\udf89\" width=\"16\" height=\"16\" \/><\/span><span class=\"html-span xexx8yu x4uap5 x18d9i69 xkhd6sd x1hl2dhg x16tdsg8 x1vvkbs x3nfvp2 x1j61x8r x1fcty0u xdj266r xat24cr xgzva0m xhhsvwb xxymvpz xlup9mm x1kky2od\"><img decoding=\"async\" class=\"xz74otr x168nmei x13lgxp2 x5pf9jr xo71vjh\" src=\"https:\/\/static.xx.fbcdn.net\/images\/emoji.php\/v9\/t2\/1\/16\/1f60d.png\" alt=\"\ud83d\ude0d\" width=\"16\" height=\"16\" \/><\/span><\/div>\n<div dir=\"auto\"><\/div>\n<\/div>\n<div class=\"x11i5rnm xat24cr x1mh8g0r x1vvkbs xtlvy1s x126k92a\">\n<div dir=\"auto\">\u00a1\u00a1Todos los espect\u00e1culos para que no te pierdas ni uno!!<\/div>\n<\/div>\n<div class=\"x11i5rnm xat24cr x1mh8g0r x1vvkbs xtlvy1s x126k92a\">\n<div dir=\"auto\"><\/div>\n<\/div>\n<p><em>\u00a1Desc\u00fabrelo aqu\u00ed:<a href=\"https:\/\/mediocudeyo.es\/web\/wp-content\/uploads\/2025\/03\/FusionARTE-TRIPTICO-PDF.pdf\"> FusionARTE TR\u00cdPTICO PDF<\/a><\/em><\/p>\n<p><em>Puedes conseguir ya tus entradas en el siguiente enlace: <a href=\"https:\/\/mediocudeyo.es\/web\/servicios-municipales\/cultura-y-juventud\/venta-de-entradas-cultura\/\">https:\/\/mediocudeyo.es\/web\/servicios-municipales\/cultura-y-juventud\/venta-de-entradas-cultura\/<\/a><\/em><\/p>\n<p>&nbsp;<\/p>\n<p><em>\u00a1Ven a divertirte con la cultura en Medio Cudeyo!<\/em><\/p>\n","protected":false},"excerpt":{"rendered":"<p>\u00a1\u00a1FusionARTE 2025!! \u00a1\u00a1Todos los espect\u00e1culos para que no te pierdas ni uno!! \u00a1Desc\u00fabrelo aqu\u00ed: FusionARTE TR\u00cdPTICO PDF Puedes conseguir ya tus entradas en el siguiente enlace: https:\/\/mediocudeyo.es\/web\/servicios-municipales\/cultura-y-juventud\/venta-de-entradas-cultura\/ &nbsp; \u00a1Ven a [&hellip;]<\/p>\n","protected":false},"author":4,"featured_media":23946,"comment_status":"closed","ping_status":"closed","sticky":false,"template":"","format":"standard","meta":{"footnotes":""},"categories":[34,37,59],"tags":[764],"class_list":["post-23942","post","type-post","status-publish","format-standard","has-post-thumbnail","hentry","category-ayuntamiento","category-centro-cultural","category-cultura","tag-ciclo-fusionarte-primavera-2025"],"_links":{"self":[{"href":"https:\/\/mediocudeyo.es\/web\/wp-json\/wp\/v2\/posts\/23942"}],"collection":[{"href":"https:\/\/mediocudeyo.es\/web\/wp-json\/wp\/v2\/posts"}],"about":[{"href":"https:\/\/mediocudeyo.es\/web\/wp-json\/wp\/v2\/types\/post"}],"author":[{"embeddable":true,"href":"https:\/\/mediocudeyo.es\/web\/wp-json\/wp\/v2\/users\/4"}],"replies":[{"embeddable":true,"href":"https:\/\/mediocudeyo.es\/web\/wp-json\/wp\/v2\/comments?post=23942"}],"version-history":[{"count":1,"href":"https:\/\/mediocudeyo.es\/web\/wp-json\/wp\/v2\/posts\/23942\/revisions"}],"predecessor-version":[{"id":23947,"href":"https:\/\/mediocudeyo.es\/web\/wp-json\/wp\/v2\/posts\/23942\/revisions\/23947"}],"wp:featuredmedia":[{"embeddable":true,"href":"https:\/\/mediocudeyo.es\/web\/wp-json\/wp\/v2\/media\/23946"}],"wp:attachment":[{"href":"https:\/\/mediocudeyo.es\/web\/wp-json\/wp\/v2\/media?parent=23942"}],"wp:term":[{"taxonomy":"category","embeddable":true,"href":"https:\/\/mediocudeyo.es\/web\/wp-json\/wp\/v2\/categories?post=23942"},{"taxonomy":"post_tag","embeddable":true,"href":"https:\/\/mediocudeyo.es\/web\/wp-json\/wp\/v2\/tags?post=23942"}],"curies":[{"name":"wp","href":"https:\/\/api.w.org\/{rel}","templated":true}]}}