{"id":2441,"date":"2017-09-01T14:35:19","date_gmt":"2017-09-01T13:35:19","guid":{"rendered":"http:\/\/mediocudeyo.es\/web\/?p=2441"},"modified":"2017-09-01T14:35:19","modified_gmt":"2017-09-01T13:35:19","slug":"concurso-cartel-el-retornar-del-indiano-2017","status":"publish","type":"post","link":"https:\/\/mediocudeyo.es\/web\/concurso-cartel-el-retornar-del-indiano-2017\/","title":{"rendered":"CONCURSO CARTEL: EL RETORNAR DEL INDIANO 2017"},"content":{"rendered":"<p><img fetchpriority=\"high\" decoding=\"async\" class=\"alignnone size-large wp-image-2443\" src=\"http:\/\/mediocudeyo.es\/web\/wp-content\/uploads\/2017\/09\/Concurso-Cartel.-Retornar-del-Indiano-001-724x1024.jpg\" alt=\"concurso-cartel-retornar-del-indiano-001\" width=\"474\" height=\"670\" \/><\/p>\n<p><strong>BASES CONCURSO CARTEL \u201cEl retornar del Indiano\u201d<\/strong><!--more--><\/p>\n<ol>\n<li>OBJETO DEL CONCURSO: Regular mediante estas bases la selecci\u00f3n del cartel oficial anunciador de la Jornada \u201cEl retornar del Indiano 2017\u201d que se celebrar\u00e1 en la Finca Marqu\u00e9s de Valdecilla (Medio Cudeyo) el s\u00e1bado 7 de octubre en honor a la figura de D. Ram\u00f3n Pelayo de la Torriente.<\/li>\n<li>CONCURSANTES: Mayores de 16 a\u00f1os. Podr\u00e1n concurrir todas las personas que lo deseen de forma individual y\/o colectiva, sin limitaci\u00f3n de edad. \u00danicamente se podr\u00e1 presentar un dise\u00f1o por persona, y deber\u00e1n ser in\u00e9ditos, sin que hayan servido como carteles anunciadores en ninguna otra localidad o municipio.<\/li>\n<li>OBRAS: En su parte posterior de forma visible habr\u00e1 de constar el siguiente t\u00edtulo \u201cEl retornar del Indiano 2017. S\u00e1bado 7 de octubre\u201d. El formato ser\u00e1 en DIN A3 en formato papel y sin datos personales que puedan identificar a la persona, para ello en un sobre adjunto al cartel presentado y debidamente cerrado se incluir\u00e1n los datos personales (Nombre y Apellidos, Direcci\u00f3n y localidad y Tel\u00e9fono e E-mail de contacto). Se admitir\u00e1n tambi\u00e9n carteles realizados por ordenador.<\/li>\n<li>TEMA Y CARACTER\u00cdSTICAS: Versar\u00e1 sobre la \u00e9poca en la que el Marqu\u00e9s de Valdecilla vivi\u00f3 (finales del s. XIX y principios del siglo XX), incluyendo la Finca que lleva su nombre, o sobre su figura. Se podr\u00e1 hacer el dise\u00f1o bas\u00e1ndose en cualquiera de las dos tem\u00e1ticas. Los carteles se podr\u00e1n presentar en el Punto de Informaci\u00f3n Municipal del Centro Cultural Ram\u00f3n Pelayo (Paseo de la Ventilla s\/n, Solares 39710) en horario de 9:00 a 21:00 horas.<\/li>\n<li>PUBLICIDAD: Tanto el cartel ganador como el resto de carteles ser\u00e1n expuestos el d\u00eda de la fiesta en la Finca Marqu\u00e9s de Valdecilla y posteriormente, del 9 al 27 de octubre, en la Sala de Exposiciones del Centro Cultural Ram\u00f3n Pelayo. Asimismo, la presentaci\u00f3n al concurso implica la autorizaci\u00f3n del autor\/a a la divulgaci\u00f3n de su cartel por cualquier medio de comunicaci\u00f3n.<\/li>\n<li>JURADO: Estar\u00e1 presidido por la Concejala de Educaci\u00f3n, Cultura y Juventud o persona en quien delegue, y compuesto por la t\u00e9cnico de biblioteca y por la t\u00e9cnico de cultura. Se elegir\u00e1 de entre todos los presentados a los tres carteles finalistas, y ser\u00e1 el p\u00fablico con su voto a trav\u00e9s de la p\u00e1gina de Facebook \u201cMedio Cudeyo cultural\u201d quien elija el ganador. El fallo ser\u00e1 inapelable. Se podr\u00e1 declarar nulo el certamen en funci\u00f3n de la calidad de las obras presentadas.<\/li>\n<li>PLAZOS: El plazo de presentaci\u00f3n de originales concluir\u00e1 el 18 de septiembre a las 21:00 horas, siendo rechazados los que se presenten con posterioridad. El jurado resolver\u00e1 el d\u00eda 19 de septiembre, d\u00e1ndose publicidad a trav\u00e9s de la web municipal <a href=\"http:\/\/www.mediocudeyo.es\">mediocudeyo.es<\/a> y las cuentas oficiales de Facebook y Twitter: Medio Cudeyo Cultural \/ Medio Cudeyo en Red. Y durante todo el d\u00eda 20 de septiembre, el p\u00fablico seguidor de la p\u00e1gina de Facebook \u201cMedio Cudeyo cultural\u201d podr\u00e1 decidir con su voto el cartel ganador.<\/li>\n<li>PREMIOS: Primer premio 100\u20ac. Segundo premio 75\u20ac. Tercer premio 50\u20ac<\/li>\n<li>DEVOLUCI\u00d3N: Las obras no premiadas se podr\u00e1n recoger del 30 de octubre al 30 de noviembre en el Centro Cultural Ram\u00f3n Pelayo (Solares). Se dar\u00e1 por entendido que el autor renuncia a sus obras si no las recoge en ese plazo.<\/li>\n<li>ACEPTACI\u00d3N DE LAS BASES: Todos los y las concursantes por el mero hecho de participar en el concurso aceptan las bases en todas y cada una de las determinaciones.<\/li>\n<li>CLAUSULA FINAL: El Ayuntamiento de Medio Cudeyo se reserva el derecho a incluir en el cartel los logotipos oficiales del propio Ayuntamiento y del Centro Cultural Ram\u00f3n Pelayo sin que altere el sentido del cartel.<\/li>\n<\/ol>\n<p><strong>Yolanda Valle Mediavilla <\/strong><\/p>\n<p><strong>Concejala de Educaci\u00f3n, Cultura y Juventud<\/strong><\/p>\n","protected":false},"excerpt":{"rendered":"<p>BASES CONCURSO CARTEL \u201cEl retornar del Indiano\u201d<\/p>\n","protected":false},"author":4,"featured_media":0,"comment_status":"closed","ping_status":"closed","sticky":false,"template":"","format":"standard","meta":{"footnotes":""},"categories":[59],"tags":[106,107,96],"class_list":["post-2441","post","type-post","status-publish","format-standard","hentry","category-cultura","tag-concurso","tag-el-retornar-del-indiano","tag-finca-marques-de-valdecilla"],"_links":{"self":[{"href":"https:\/\/mediocudeyo.es\/web\/wp-json\/wp\/v2\/posts\/2441"}],"collection":[{"href":"https:\/\/mediocudeyo.es\/web\/wp-json\/wp\/v2\/posts"}],"about":[{"href":"https:\/\/mediocudeyo.es\/web\/wp-json\/wp\/v2\/types\/post"}],"author":[{"embeddable":true,"href":"https:\/\/mediocudeyo.es\/web\/wp-json\/wp\/v2\/users\/4"}],"replies":[{"embeddable":true,"href":"https:\/\/mediocudeyo.es\/web\/wp-json\/wp\/v2\/comments?post=2441"}],"version-history":[{"count":0,"href":"https:\/\/mediocudeyo.es\/web\/wp-json\/wp\/v2\/posts\/2441\/revisions"}],"wp:attachment":[{"href":"https:\/\/mediocudeyo.es\/web\/wp-json\/wp\/v2\/media?parent=2441"}],"wp:term":[{"taxonomy":"category","embeddable":true,"href":"https:\/\/mediocudeyo.es\/web\/wp-json\/wp\/v2\/categories?post=2441"},{"taxonomy":"post_tag","embeddable":true,"href":"https:\/\/mediocudeyo.es\/web\/wp-json\/wp\/v2\/tags?post=2441"}],"curies":[{"name":"wp","href":"https:\/\/api.w.org\/{rel}","templated":true}]}}