{"id":246,"date":"2016-08-31T09:17:29","date_gmt":"2016-08-31T09:17:29","guid":{"rendered":"http:\/\/mediocudeyo.es\/web\/?p=246"},"modified":"2016-08-31T09:17:29","modified_gmt":"2016-08-31T09:17:29","slug":"pena-cabarga","status":"publish","type":"post","link":"https:\/\/mediocudeyo.es\/web\/pena-cabarga\/","title":{"rendered":"Pe\u00f1a Cabarga"},"content":{"rendered":"<p>El <a href=\"https:\/\/es.wikipedia.org\/wiki\/Parque_natural_Macizo_de_Pe%C3%B1a_Cabarga\">Parque Natural del Macizo de Pe\u00f1a Cabarga<\/a>, formaci\u00f3n de roca caliza donde los fen\u00f3menos k\u00e1rsticos y la vegetaci\u00f3n de encinas y eucaliptos est\u00e1n muy presentes, marca con su presencia el territorio del municipio de Medio Cudeyo. Su historia ha estado ligada desde la Edad del Bronce hasta \u00e9poca reciente a la existencia de numerosas minas de mineral de hierro que han dejado huella en su paisaje. Cada rinc\u00f3n nos sorprende con los restos de antiguas explotaciones mineras y el color rojizo del \u00f3xido f\u00e9rrico de su suelo est\u00e1 presente a cada paso.<\/p>\n<p>El visitante puede adentrarse en esta sierra a trav\u00e9s de sus numerosas sendas y caminos, alcanzando el mirador del Pico Llen, a 569 metros, con su monumento al Indiano y unas privilegiadas vistas de Santander y su bah\u00eda, as\u00ed como de buena parte de la costa del Cant\u00e1brico. En la lejan\u00eda, al sur pueden divisarse los picos del Castro Valnera y el Pic\u00f3n del Fraile, pertenecientes a la Cordillera Cant\u00e1brica; al oeste, las estribaciones de los Picos de Europa; y al este las bah\u00edas de Santo\u00f1a y Laredo. M\u00e1s pr\u00f3ximos, al este, los valles de la Merindad de Trasmiera, y al oeste, los de Penagos y Cay\u00f3n.<\/p>\n<p>Y es precisamente en el punto m\u00e1s alto de Pe\u00f1a Cabarga donde el 31 de agosto del a\u00f1o 2016 tuvo su llegada la 11\u00aa etapa de la Vuelta Ciclista a Espa\u00f1a. Con puerto final corto y severo, de casi 6 km al 9,8%, con lo m\u00e1s duro en el tramo final: 1,9 km al 11,5%, incluyendo rampas del 19% constituyendo sin duda alguna, y una vez m\u00e1s, un magn\u00edfico escenario para este gran evento deportivo.<\/p>\n","protected":false},"excerpt":{"rendered":"<p>El Parque Natural del Macizo de Pe\u00f1a Cabarga, formaci\u00f3n de roca caliza donde los fen\u00f3menos k\u00e1rsticos y la vegetaci\u00f3n de encinas y eucaliptos est\u00e1n muy presentes, marca con su presencia [&hellip;]<\/p>\n","protected":false},"author":2,"featured_media":255,"comment_status":"closed","ping_status":"closed","sticky":false,"template":"","format":"standard","meta":{"footnotes":""},"categories":[59,38,52,57],"tags":[78,79,80],"class_list":["post-246","post","type-post","status-publish","format-standard","has-post-thumbnail","hentry","category-cultura","category-deporte","category-naturaleza","category-turismo","tag-ciclismo","tag-paisaje","tag-senderismo"],"_links":{"self":[{"href":"https:\/\/mediocudeyo.es\/web\/wp-json\/wp\/v2\/posts\/246"}],"collection":[{"href":"https:\/\/mediocudeyo.es\/web\/wp-json\/wp\/v2\/posts"}],"about":[{"href":"https:\/\/mediocudeyo.es\/web\/wp-json\/wp\/v2\/types\/post"}],"author":[{"embeddable":true,"href":"https:\/\/mediocudeyo.es\/web\/wp-json\/wp\/v2\/users\/2"}],"replies":[{"embeddable":true,"href":"https:\/\/mediocudeyo.es\/web\/wp-json\/wp\/v2\/comments?post=246"}],"version-history":[{"count":0,"href":"https:\/\/mediocudeyo.es\/web\/wp-json\/wp\/v2\/posts\/246\/revisions"}],"wp:featuredmedia":[{"embeddable":true,"href":"https:\/\/mediocudeyo.es\/web\/wp-json\/"}],"wp:attachment":[{"href":"https:\/\/mediocudeyo.es\/web\/wp-json\/wp\/v2\/media?parent=246"}],"wp:term":[{"taxonomy":"category","embeddable":true,"href":"https:\/\/mediocudeyo.es\/web\/wp-json\/wp\/v2\/categories?post=246"},{"taxonomy":"post_tag","embeddable":true,"href":"https:\/\/mediocudeyo.es\/web\/wp-json\/wp\/v2\/tags?post=246"}],"curies":[{"name":"wp","href":"https:\/\/api.w.org\/{rel}","templated":true}]}}