{"id":24702,"date":"2025-07-11T09:52:00","date_gmt":"2025-07-11T07:52:00","guid":{"rendered":"https:\/\/mediocudeyo.es\/web\/?p=24702"},"modified":"2025-07-11T10:56:28","modified_gmt":"2025-07-11T08:56:28","slug":"el-retornar-del-indiano-19-y-20-de-julio-de-2025","status":"publish","type":"post","link":"https:\/\/mediocudeyo.es\/web\/el-retornar-del-indiano-19-y-20-de-julio-de-2025\/","title":{"rendered":"EL RETORNAR DEL INDIANO 2025"},"content":{"rendered":"<p>\u00a1\u00a1La cuenta atr\u00e1s para el Retornar del Indiano ha comenzado!!<\/p>\n<p>Los d\u00edas 19 y 20 de julio el esp\u00edritu de los indianos regresa a Medio Cudeyo.<\/p>\n<p>\u00bfEst\u00e1is preparados para revivir la alegr\u00eda y el color de aquella \u00e9poca?<\/p>\n<p>&nbsp;<\/p>\n<p><img fetchpriority=\"high\" decoding=\"async\" class=\"alignnone size-large wp-image-24700\" src=\"https:\/\/mediocudeyo.es\/web\/wp-content\/uploads\/2025\/07\/cartel-retornar-indiano-2025-658x1024.jpg\" alt=\"\" width=\"658\" height=\"1024\" srcset=\"https:\/\/mediocudeyo.es\/web\/wp-content\/uploads\/2025\/07\/cartel-retornar-indiano-2025-658x1024.jpg 658w, https:\/\/mediocudeyo.es\/web\/wp-content\/uploads\/2025\/07\/cartel-retornar-indiano-2025-193x300.jpg 193w, https:\/\/mediocudeyo.es\/web\/wp-content\/uploads\/2025\/07\/cartel-retornar-indiano-2025-768x1195.jpg 768w, https:\/\/mediocudeyo.es\/web\/wp-content\/uploads\/2025\/07\/cartel-retornar-indiano-2025-987x1536.jpg 987w, https:\/\/mediocudeyo.es\/web\/wp-content\/uploads\/2025\/07\/cartel-retornar-indiano-2025-1317x2048.jpg 1317w, https:\/\/mediocudeyo.es\/web\/wp-content\/uploads\/2025\/07\/cartel-retornar-indiano-2025-scaled.jpg 1646w\" sizes=\"(max-width: 658px) 100vw, 658px\" \/><\/p>\n<p>&nbsp;<\/p>\n<p><a href=\"https:\/\/mediocudeyo.es\/web\/wp-content\/uploads\/2025\/07\/RETORNAR-INDIANO.-Diptico-PDF-para-impresion.pdf\">D\u00cdPTICO EL RETORNAR INDIANO 2025\u00a0<\/a><\/p>\n<p><a href=\"https:\/\/mediocudeyo.es\/web\/wp-content\/uploads\/2025\/07\/Concurso-fotografia-El-retornar-del-Indiano-BASES-2025.pdf\">BASES CONCURSO DE FOTOGRAF\u00cdA EL RETORNAR DEL INDIANO 2025<\/a><\/p>\n","protected":false},"excerpt":{"rendered":"<p>\u00a1\u00a1La cuenta atr\u00e1s para el Retornar del Indiano ha comenzado!! Los d\u00edas 19 y 20 de julio el esp\u00edritu de los indianos regresa a Medio Cudeyo. \u00bfEst\u00e1is preparados para revivir [&hellip;]<\/p>\n","protected":false},"author":4,"featured_media":24700,"comment_status":"closed","ping_status":"closed","sticky":false,"template":"","format":"standard","meta":{"footnotes":""},"categories":[59,44,57],"tags":[],"class_list":["post-24702","post","type-post","status-publish","format-standard","has-post-thumbnail","hentry","category-cultura","category-fmv","category-turismo"],"_links":{"self":[{"href":"https:\/\/mediocudeyo.es\/web\/wp-json\/wp\/v2\/posts\/24702"}],"collection":[{"href":"https:\/\/mediocudeyo.es\/web\/wp-json\/wp\/v2\/posts"}],"about":[{"href":"https:\/\/mediocudeyo.es\/web\/wp-json\/wp\/v2\/types\/post"}],"author":[{"embeddable":true,"href":"https:\/\/mediocudeyo.es\/web\/wp-json\/wp\/v2\/users\/4"}],"replies":[{"embeddable":true,"href":"https:\/\/mediocudeyo.es\/web\/wp-json\/wp\/v2\/comments?post=24702"}],"version-history":[{"count":8,"href":"https:\/\/mediocudeyo.es\/web\/wp-json\/wp\/v2\/posts\/24702\/revisions"}],"predecessor-version":[{"id":24712,"href":"https:\/\/mediocudeyo.es\/web\/wp-json\/wp\/v2\/posts\/24702\/revisions\/24712"}],"wp:featuredmedia":[{"embeddable":true,"href":"https:\/\/mediocudeyo.es\/web\/wp-json\/wp\/v2\/media\/24700"}],"wp:attachment":[{"href":"https:\/\/mediocudeyo.es\/web\/wp-json\/wp\/v2\/media?parent=24702"}],"wp:term":[{"taxonomy":"category","embeddable":true,"href":"https:\/\/mediocudeyo.es\/web\/wp-json\/wp\/v2\/categories?post=24702"},{"taxonomy":"post_tag","embeddable":true,"href":"https:\/\/mediocudeyo.es\/web\/wp-json\/wp\/v2\/tags?post=24702"}],"curies":[{"name":"wp","href":"https:\/\/api.w.org\/{rel}","templated":true}]}}