{"id":2484,"date":"2018-01-15T11:45:05","date_gmt":"2018-01-15T10:45:05","guid":{"rendered":"http:\/\/mediocudeyo.es\/web\/?p=2484"},"modified":"2018-01-15T11:45:05","modified_gmt":"2018-01-15T10:45:05","slug":"hacer-sentir-mover-lapoeticadelcuerpo-enero-febrero-2018","status":"publish","type":"post","link":"https:\/\/mediocudeyo.es\/web\/hacer-sentir-mover-lapoeticadelcuerpo-enero-febrero-2018\/","title":{"rendered":"Ciclo FusionARTE Marzo-Mayo 2018"},"content":{"rendered":"<h2><\/h2>\n<p><img fetchpriority=\"high\" decoding=\"async\" class=\"alignnone size-large wp-image-3387\" src=\"http:\/\/mediocudeyo.es\/web\/wp-content\/uploads\/2018\/01\/cartel-fusionarte18-724x1024.jpg\" alt=\"\" width=\"474\" height=\"670\" \/><\/p>\n<p><strong>M\u00daSICA. <\/strong>BEGO\u00d1A OLAVIDE &amp; JAVIER BERGIA<\/p>\n<p>A los Poetas, Burlesco y otras Hierbas \/<\/p>\n<p><strong>Viernes 2 de marzo <\/strong>21:30h. Teatro. 3\u20ac<\/p>\n<p>Bego\u00f1a Olavide y Javier Bergia, dos prol\u00edficos autores e int\u00e9rpretes de contrastada trayectoria, ofrecer\u00e1n un recorrido cantado de textos de grandes poetas.<\/p>\n<p>&nbsp;<\/p>\n<p><strong>M\u00daSICA TRADICIONAL DE CANTABRIA. <\/strong>ESCUELA DE FOLKLORE DE MEDIO CUDEYO Tonadas y Cantares \/<\/p>\n<p><strong>Viernes 2 de marzo <\/strong>21:00h. Hall.\u00a0 Entrada libre<\/p>\n<p>La escuela de Folklore de Medio Cudeyo acercar\u00e1\u00a0 la m\u00fasica tradicional a prop\u00f3sito de marzo y la inauguraci\u00f3n del Ciclo FusionARTE 18<\/p>\n<p>&nbsp;<\/p>\n<p><strong>M\u00daSICA. <\/strong>DJ IN\u00c9S PARDO M\u00fasicas de Mujer \/<\/p>\n<p><strong>S\u00e1bado 10 de marzo <\/strong>20:45h. Espacio CUBO. 3\u20ac<\/p>\n<p>In\u00e9s nos invita a viajar en el tiempo por los diferentes estilos de m\u00fasica a trav\u00e9s de la mirada de mujeres, canciones hechas por mujeres en las que cuentan su forma de sentir el amor, los fracasos y de afrontar la vida en general.<\/p>\n<p>&nbsp;<\/p>\n<p><strong>TEATRO. <\/strong>CIA. UNOS CUANTOS La Rosaleda \/<\/p>\n<p><strong>Viernes 16 de marzo <\/strong>20:45h. Teatro. Invitaciones gratuitas disponibles en el PIM del Centro Cultural.<\/p>\n<p>Un montaje basado en cinco relatos originales del actor, director y dramaturgo Carlos \u00c1lvarez-Novoa bajo la direcci\u00f3n de Isabel Tejerina.<\/p>\n<p>&nbsp;<\/p>\n<p><strong>M\u00daSICA + TALLER. <\/strong>CORO JOVEN SIETE VILLAS &amp; VOCES BLANCAS DE TRASMIERA Capit\u00e1n, mi capit\u00e1n \/<\/p>\n<p><strong>Domingo 18 de marzo <\/strong>12:00h. Teatro. Familias 1\u20ac<\/p>\n<p>\u00a1Levad el ancla! \u2018\u00a1Izad las velas! Zarpamos sin m\u00e1s rumbo que all\u00e1 donde quiera llevarnos, la m\u00fasica \u00bfTe animas a una actuaci\u00f3n en alta mar?<\/p>\n<p>&nbsp;<\/p>\n<p><strong>M\u00daSICA. <\/strong>LA MALA HIERBA. M\u00fasica tradicional experimental. <strong>Viernes 23 de marzo <\/strong>20:45h. Espacio CUBO. 3\u20ac<\/p>\n<p>La Mala Hierba, Gema Mart\u00ednez (voz) y Nicol\u00e1s Rodr\u00edguez (guitarra), pretende a trav\u00e9s de diversas acciones y formatos dar a conocer voces de mujeres que a lo largo\u00a0 de la historia, han defendido y trabajado por cambios sociales que culminen en una situaci\u00f3n de igualdad en derechos, oportunidades y trato entre hombres y mujeres.<\/p>\n<p><strong>\u00a0<\/strong><\/p>\n<p><strong>M\u00daSICA. <\/strong>LUC\u00cdA SERRANO. TABLAO FLAMENCO Al aire \/<\/p>\n<p><strong>Viernes 6 de abril <\/strong>20:45h. Teatro. 3\u20ac<\/p>\n<p>Junto a la bailaora Luc\u00eda Serrano y el percusionista Dani Pe\u00f1a, se unen la cantaora Alicia Garc\u00eda y los guitarristas Antonio L\u00e9on y Pablo Horna, para ofrecernos un espect\u00e1culo flamenco, al m\u00e1s cl\u00e1sico estilo de lo que ser\u00eda una noche de \u201cTablao Flamenco\u201d en Madrid, Granada o Jerez.<\/p>\n<p>&nbsp;<\/p>\n<p><strong>M\u00daSICA. <\/strong>REPION. Pop-Rock \/<\/p>\n<p><strong>S\u00e1bado 7 de abril <\/strong>20:00h. Espacio CUBO. 3\u20ac<\/p>\n<p>Repion es un power-trio\u00a0 de pock-rock que destaca por gritarle a la vida con temas que tienen una fuerza similar a la bravura del mar cant\u00e1brico.<\/p>\n<p><strong>\u00a0<\/strong><\/p>\n<p><strong>M\u00daSICA. <\/strong>ALIUM D\u00daO M\u00fasica fusi\u00f3n \/<\/p>\n<p><strong>Viernes 13 de abril <\/strong>20:45h. Teatro. 3\u20ac<\/p>\n<p>Alium D\u00fao es un viaje sonoro en el que el oyente se adentrar\u00e1 en una miscel\u00e1nea de t\u00edmbricas: desde el sonido m\u00e1s \u00edntimo de la guitarra, hasta el m\u00e1s \u00edntimo de la trompeta, logrando una fusi\u00f3n ins\u00f3lita y palpablemente atractiva.<\/p>\n<p>&nbsp;<\/p>\n<p><strong>POES\u00cdA SONORA EXPERIMENTAL. <\/strong>ROBERT NAVARRO<\/p>\n<p>Demonios y maravillas. Poemas Jacques Pr\u00e9vert \/<\/p>\n<p>Dia del libro 2018 \/ Gratis hasta completar aforo.<\/p>\n<p><strong>Viernes 20 de abril <\/strong>20:45h. Teatro.<\/p>\n<p>M\u00fasica, poes\u00eda e imagen dialogan e intercambian fluidos sensoriales. Composiciones que respiran lenta y profundamente, se despliegan en frases y secuencias siempre cambiantes que van creciendo, sonido a sonido.<\/p>\n<p>&nbsp;<\/p>\n<p><strong>TALLER ARTES PL\u00c1STICAS. <\/strong>De Letreros canallas\/<\/p>\n<p>Dia del libro 2018 \/ Gratis hasta completar aforo.<\/p>\n<p><strong>Domingo 22 de abril <\/strong>12:00h. ESPACIO CUBO. Familias.<\/p>\n<p>A prop\u00f3sito de la semana del libro, os proponemos co-crear los letreros (imagen y\u00a0 palabra) que ir\u00e1n en los espacios comunes del centro cultural. Creatividad e ingenio en familia.<\/p>\n<p>&nbsp;<\/p>\n<p><strong>TEATRO. <\/strong>CIA. MURIAGO Usted puede ser un asesino \/<\/p>\n<p><strong>Viernes 27 de abril <\/strong>20:45h. Teatro. 3\u20ac<\/p>\n<p>Enrique y Sim\u00f3n pretend\u00edan ir de juerga sin sus mujeres, pero se encuentran con el problema de deshacerse del cad\u00e1ver del chantajista Dupont, el cual ha muerto accidentalmente, tras beber una leche envenenada que no iba destinada a \u00e9l.<\/p>\n<p>&nbsp;<\/p>\n<p><strong>M\u00daSICA. <\/strong>SPANISH PEASANT\u00a0 Pop-rock \/ Folk americano.\u00a0 <strong>Viernes 4 de mayo <\/strong>20:45h. Teatro.\u00a0 3\u20ac<\/p>\n<p>Presentaci\u00f3n de las nuevas canciones que dar\u00e1n forma a su cuarto disco (primero en castellano) y grabar\u00e1n este verano. Propuesta en\u00e9rgica y directa.<\/p>\n<p>&nbsp;<\/p>\n<p><strong>M\u00daSICA. <\/strong>JAZZTEDIGO Cl\u00e1sicos del Jazz \/<\/p>\n<p><strong>Viernes 11 de mayo <\/strong>20:45h. Teatro. 3\u20ac<\/p>\n<p>Este tr\u00edo propone un viaje a trav\u00e9s de la historia del Jazz que haga vibrar tanto al iniciado como al ne\u00f3fito.<\/p>\n<p>&nbsp;<\/p>\n<p><strong>TEATRO. <\/strong>ROSA CASUSO ESTUDIO PARA ACTORES 5 piezas de teatro breve \/ <strong>Viernes 18 de mayo <\/strong>20:45h. Teatro. 3\u20ac<\/p>\n<p>Un montaje independiente, artesano y experimental que muestra una selecci\u00f3n de 5 obras de teatro de peque\u00f1o formato.<\/p>\n<p>&nbsp;<\/p>\n<p><strong>M\u00daSICA. <\/strong>MONSERRAT OBESO La magia de la voz \/<\/p>\n<p><strong>S\u00e1bado 26 de mayo <\/strong>20:45h. Teatro. 3\u20ac<\/p>\n<p>Montserrat Obesa investigadora de la voz humana nos ofrece un abanico de posibilidades para la voz como veh\u00edculo de expresi\u00f3n de emociones, sensaciones y paisajes sonoros desde la canci\u00f3n cl\u00e1sica, la \u00f3pera, zarzuela e improvisaci\u00f3n vocal.<\/p>\n<p>&nbsp;<\/p>\n<p><strong>TEATRO. <\/strong>LA MACHINA\u00a0 Grillos y Luci\u00e9rnagas \/<\/p>\n<p><strong>Domingo 27 de mayo <\/strong>12:00h. Teatro. Familias. 1\u20ac<\/p>\n<p>Un juego po\u00e9tico entre una mujer y un hombre, que est\u00e1 dedicado a los m\u00e1s peque\u00f1os, a su asombro, a c\u00f3mo contienen el aliento cuando vamos con ellos a trav\u00e9s de la oscuridad.<\/p>\n<p>&nbsp;<\/p>\n<p>&nbsp;<\/p>\n<p>&nbsp;<\/p>\n<p>&nbsp;<\/p>\n<p>&nbsp;<\/p>\n<p>&nbsp;<\/p>\n","protected":false},"excerpt":{"rendered":"<p>M\u00daSICA. BEGO\u00d1A OLAVIDE &amp; JAVIER BERGIA A los Poetas, Burlesco y otras Hierbas \/ Viernes 2 de marzo 21:30h. Teatro. 3\u20ac Bego\u00f1a Olavide y Javier Bergia, dos prol\u00edficos autores e [&hellip;]<\/p>\n","protected":false},"author":4,"featured_media":376,"comment_status":"closed","ping_status":"closed","sticky":false,"template":"","format":"standard","meta":{"footnotes":""},"categories":[59],"tags":[193,82,60,160,194,83],"class_list":["post-2484","post","type-post","status-publish","format-standard","has-post-thumbnail","hentry","category-cultura","tag-arte","tag-fusionarte","tag-medio-cudeyo","tag-musica","tag-programacion","tag-teatro"],"_links":{"self":[{"href":"https:\/\/mediocudeyo.es\/web\/wp-json\/wp\/v2\/posts\/2484"}],"collection":[{"href":"https:\/\/mediocudeyo.es\/web\/wp-json\/wp\/v2\/posts"}],"about":[{"href":"https:\/\/mediocudeyo.es\/web\/wp-json\/wp\/v2\/types\/post"}],"author":[{"embeddable":true,"href":"https:\/\/mediocudeyo.es\/web\/wp-json\/wp\/v2\/users\/4"}],"replies":[{"embeddable":true,"href":"https:\/\/mediocudeyo.es\/web\/wp-json\/wp\/v2\/comments?post=2484"}],"version-history":[{"count":0,"href":"https:\/\/mediocudeyo.es\/web\/wp-json\/wp\/v2\/posts\/2484\/revisions"}],"wp:featuredmedia":[{"embeddable":true,"href":"https:\/\/mediocudeyo.es\/web\/wp-json\/"}],"wp:attachment":[{"href":"https:\/\/mediocudeyo.es\/web\/wp-json\/wp\/v2\/media?parent=2484"}],"wp:term":[{"taxonomy":"category","embeddable":true,"href":"https:\/\/mediocudeyo.es\/web\/wp-json\/wp\/v2\/categories?post=2484"},{"taxonomy":"post_tag","embeddable":true,"href":"https:\/\/mediocudeyo.es\/web\/wp-json\/wp\/v2\/tags?post=2484"}],"curies":[{"name":"wp","href":"https:\/\/api.w.org\/{rel}","templated":true}]}}