{"id":24864,"date":"2025-08-29T12:49:32","date_gmt":"2025-08-29T10:49:32","guid":{"rendered":"https:\/\/mediocudeyo.es\/web\/?p=24864"},"modified":"2025-09-18T15:10:02","modified_gmt":"2025-09-18T13:10:02","slug":"actividades-culturales-en-septiembre","status":"publish","type":"post","link":"https:\/\/mediocudeyo.es\/web\/actividades-culturales-en-septiembre\/","title":{"rendered":"ACTIVIDADES CULTURALES EN SEPTIEMBRE"},"content":{"rendered":"<p>Descubre todas las actividades culturales en Medio Cudeyo para el mes de septiembre.<\/p>\n<p>Puedes descargar el tr\u00edptico con toda la informaci\u00f3n aqu\u00ed: <a href=\"https:\/\/mediocudeyo.es\/web\/wp-content\/uploads\/2025\/08\/TRIPTICO.-Actividades-septiembre-2.pdf\">TR\u00cdPTICO. Actividades septiembre<\/a><\/p>\n<p><img fetchpriority=\"high\" decoding=\"async\" class=\"alignnone size-large wp-image-24920\" src=\"https:\/\/mediocudeyo.es\/web\/wp-content\/uploads\/2025\/08\/TRIPTICO-actividades-JPGG-1-1024x724.jpg\" alt=\"\" width=\"1024\" height=\"724\" srcset=\"https:\/\/mediocudeyo.es\/web\/wp-content\/uploads\/2025\/08\/TRIPTICO-actividades-JPGG-1-1024x724.jpg 1024w, https:\/\/mediocudeyo.es\/web\/wp-content\/uploads\/2025\/08\/TRIPTICO-actividades-JPGG-1-300x212.jpg 300w, https:\/\/mediocudeyo.es\/web\/wp-content\/uploads\/2025\/08\/TRIPTICO-actividades-JPGG-1-768x543.jpg 768w, https:\/\/mediocudeyo.es\/web\/wp-content\/uploads\/2025\/08\/TRIPTICO-actividades-JPGG-1-1536x1086.jpg 1536w, https:\/\/mediocudeyo.es\/web\/wp-content\/uploads\/2025\/08\/TRIPTICO-actividades-JPGG-1.jpg 2000w\" sizes=\"(max-width: 1024px) 100vw, 1024px\" \/><\/p>\n<p>&nbsp;<\/p>\n<p><img decoding=\"async\" class=\"alignnone size-large wp-image-24866\" src=\"https:\/\/mediocudeyo.es\/web\/wp-content\/uploads\/2025\/08\/TRIPTICO-frontal-JPG-1024x724.jpg\" alt=\"\" width=\"1024\" height=\"724\" srcset=\"https:\/\/mediocudeyo.es\/web\/wp-content\/uploads\/2025\/08\/TRIPTICO-frontal-JPG-1024x724.jpg 1024w, https:\/\/mediocudeyo.es\/web\/wp-content\/uploads\/2025\/08\/TRIPTICO-frontal-JPG-300x212.jpg 300w, https:\/\/mediocudeyo.es\/web\/wp-content\/uploads\/2025\/08\/TRIPTICO-frontal-JPG-768x543.jpg 768w, https:\/\/mediocudeyo.es\/web\/wp-content\/uploads\/2025\/08\/TRIPTICO-frontal-JPG-1536x1086.jpg 1536w, https:\/\/mediocudeyo.es\/web\/wp-content\/uploads\/2025\/08\/TRIPTICO-frontal-JPG.jpg 2000w\" sizes=\"(max-width: 1024px) 100vw, 1024px\" \/><\/p>\n<p><span data-offset-key=\"g7iq-0-0\"><strong>M\u00e1s informaci\u00f3n e inscripciones:<\/strong><\/span><\/p>\n<div class=\"\" data-block=\"true\" data-editor=\"cb49t\" data-offset-key=\"4s0fu-0-0\">\n<div class=\"_1mf _1mj\" data-offset-key=\"4s0fu-0-0\"><span data-offset-key=\"4s0fu-0-0\">Centro Cultural Ram\u00f3n Pelayo (Solares)<\/span><\/div>\n<\/div>\n<div class=\"\" data-block=\"true\" data-editor=\"cb49t\" data-offset-key=\"6ksgl-0-0\">\n<div class=\"_1mf _1mj\" data-offset-key=\"6ksgl-0-0\"><span data-offset-key=\"6ksgl-0-0\">942 52 26 85 (\u00f3 Whatsapp al mismo n\u00famero de tel\u00e9fono)<\/span><\/div>\n<\/div>\n<div class=\"\" data-block=\"true\" data-editor=\"cb49t\" data-offset-key=\"cbbu2-0-0\">\n<div class=\"_1mf _1mj\" data-offset-key=\"cbbu2-0-0\"><span data-offset-key=\"cbbu2-0-0\">centrocultural@mediocudeyo.es<\/span><\/div>\n<\/div>\n","protected":false},"excerpt":{"rendered":"<p>Descubre todas las actividades culturales en Medio Cudeyo para el mes de septiembre. Puedes descargar el tr\u00edptico con toda la informaci\u00f3n aqu\u00ed: TR\u00cdPTICO. Actividades septiembre &nbsp; M\u00e1s informaci\u00f3n e inscripciones: [&hellip;]<\/p>\n","protected":false},"author":4,"featured_media":24920,"comment_status":"closed","ping_status":"closed","sticky":false,"template":"","format":"standard","meta":{"footnotes":""},"categories":[37,59],"tags":[],"class_list":["post-24864","post","type-post","status-publish","format-standard","has-post-thumbnail","hentry","category-centro-cultural","category-cultura"],"_links":{"self":[{"href":"https:\/\/mediocudeyo.es\/web\/wp-json\/wp\/v2\/posts\/24864"}],"collection":[{"href":"https:\/\/mediocudeyo.es\/web\/wp-json\/wp\/v2\/posts"}],"about":[{"href":"https:\/\/mediocudeyo.es\/web\/wp-json\/wp\/v2\/types\/post"}],"author":[{"embeddable":true,"href":"https:\/\/mediocudeyo.es\/web\/wp-json\/wp\/v2\/users\/4"}],"replies":[{"embeddable":true,"href":"https:\/\/mediocudeyo.es\/web\/wp-json\/wp\/v2\/comments?post=24864"}],"version-history":[{"count":6,"href":"https:\/\/mediocudeyo.es\/web\/wp-json\/wp\/v2\/posts\/24864\/revisions"}],"predecessor-version":[{"id":24921,"href":"https:\/\/mediocudeyo.es\/web\/wp-json\/wp\/v2\/posts\/24864\/revisions\/24921"}],"wp:featuredmedia":[{"embeddable":true,"href":"https:\/\/mediocudeyo.es\/web\/wp-json\/wp\/v2\/media\/24920"}],"wp:attachment":[{"href":"https:\/\/mediocudeyo.es\/web\/wp-json\/wp\/v2\/media?parent=24864"}],"wp:term":[{"taxonomy":"category","embeddable":true,"href":"https:\/\/mediocudeyo.es\/web\/wp-json\/wp\/v2\/categories?post=24864"},{"taxonomy":"post_tag","embeddable":true,"href":"https:\/\/mediocudeyo.es\/web\/wp-json\/wp\/v2\/tags?post=24864"}],"curies":[{"name":"wp","href":"https:\/\/api.w.org\/{rel}","templated":true}]}}