{"id":25049,"date":"2025-10-15T11:58:01","date_gmt":"2025-10-15T09:58:01","guid":{"rendered":"https:\/\/mediocudeyo.es\/web\/?p=25049"},"modified":"2025-10-15T12:14:33","modified_gmt":"2025-10-15T10:14:33","slug":"legado-exposicion-en-el-museo-marques-de-valdecilla","status":"publish","type":"post","link":"https:\/\/mediocudeyo.es\/web\/legado-exposicion-en-el-museo-marques-de-valdecilla\/","title":{"rendered":"\u00bb LEGADO \u00bb Exposici\u00f3n en el Museo Marqu\u00e9s de Valdecilla"},"content":{"rendered":"<p>La Casa Blanca de la Finca del Marqu\u00e9s de Valdecilla acoge, desde el 17 de octubre hasta el 30 de noviembre de 2025, la exposici\u00f3n \u00abLegado\u00bb, un emotivo homenaje a Ram\u00f3n Pelayo de la Torriente, m\u00e1s conocido como el Marqu\u00e9s de Valdecilla, con motivo del 175 aniversario de su nacimiento (24 de octubre de 1850).<br \/>\nEsta muestra, organizada por el Ayuntamiento de Medio Cudeyo, invita a redescubrir la figura de un hombre generoso y visionario que dej\u00f3 una huella imborrable en la historia del municipio y de Cantabria.<br \/>\n\u00abLegado\u00bb re\u00fane una cuidada selecci\u00f3n de im\u00e1genes, documentos y objetos personales vinculados a la historia familiar del Marqu\u00e9s, donados por los herederos de Do\u00f1a Mar\u00eda Dolores Fuente Gonz\u00e1lez, viuda de Eugenio Rodr\u00edguez Pascual, esposo de Mar\u00eda Luisa G\u00f3mez Pelayo.<br \/>\nLa exposici\u00f3n se completa con joyas recuperadas por el Ayuntamiento de Medio Cudeyo en colaboraci\u00f3n con la Fundaci\u00f3n Montemadrid, as\u00ed como con mapas escolares y una esfera armilar donados por el Colegio Marqu\u00e9s de Valdecilla.<br \/>\nUno de los grandes atractivos de la muestra son los ocho trajes con sus accesorios dise\u00f1ados por la modista y dise\u00f1adora Mar\u00eda Jos\u00e9 M\u00ednguez, inspirados en la moda de los a\u00f1os 20 y 30 del siglo XX. Estas piezas evocan el refinamiento y la elegancia de una \u00e9poca en la que el progreso y la modernidad comenzaban a transformar la sociedad.<\/p>\n<p>El horario de visita ser\u00e1 los martes de 17h a 20h, y de mi\u00e9rcoles a domingo de 10.30h a 13.30h y de 17h a 20h.<\/p>\n<p>La inauguraci\u00f3n se celebrar\u00e1 el viernes 17 de octubre a las 18:30h.<\/p>\n<p><a href=\"https:\/\/mediocudeyo.es\/web\/wp-content\/uploads\/2025\/10\/cartel-portada.jpg\" data-rel=\"lightbox-image-0\" data-rl_title=\"\" data-rl_caption=\"\" title=\"\"><img fetchpriority=\"high\" decoding=\"async\" class=\"alignnone wp-image-25050\" src=\"https:\/\/mediocudeyo.es\/web\/wp-content\/uploads\/2025\/10\/cartel-portada.jpg\" alt=\"\" width=\"220\" height=\"383\" srcset=\"https:\/\/mediocudeyo.es\/web\/wp-content\/uploads\/2025\/10\/cartel-portada.jpg 930w, https:\/\/mediocudeyo.es\/web\/wp-content\/uploads\/2025\/10\/cartel-portada-172x300.jpg 172w, https:\/\/mediocudeyo.es\/web\/wp-content\/uploads\/2025\/10\/cartel-portada-588x1024.jpg 588w, https:\/\/mediocudeyo.es\/web\/wp-content\/uploads\/2025\/10\/cartel-portada-768x1338.jpg 768w, https:\/\/mediocudeyo.es\/web\/wp-content\/uploads\/2025\/10\/cartel-portada-882x1536.jpg 882w\" sizes=\"(max-width: 220px) 100vw, 220px\" \/><\/a><\/p>\n","protected":false},"excerpt":{"rendered":"<p>La Casa Blanca de la Finca del Marqu\u00e9s de Valdecilla acoge, desde el 17 de octubre hasta el 30 de noviembre de 2025, la exposici\u00f3n \u00abLegado\u00bb, un emotivo homenaje a [&hellip;]<\/p>\n","protected":false},"author":3,"featured_media":25050,"comment_status":"closed","ping_status":"closed","sticky":false,"template":"","format":"standard","meta":{"footnotes":""},"categories":[34,59,44,57],"tags":[],"class_list":["post-25049","post","type-post","status-publish","format-standard","has-post-thumbnail","hentry","category-ayuntamiento","category-cultura","category-fmv","category-turismo"],"_links":{"self":[{"href":"https:\/\/mediocudeyo.es\/web\/wp-json\/wp\/v2\/posts\/25049"}],"collection":[{"href":"https:\/\/mediocudeyo.es\/web\/wp-json\/wp\/v2\/posts"}],"about":[{"href":"https:\/\/mediocudeyo.es\/web\/wp-json\/wp\/v2\/types\/post"}],"author":[{"embeddable":true,"href":"https:\/\/mediocudeyo.es\/web\/wp-json\/wp\/v2\/users\/3"}],"replies":[{"embeddable":true,"href":"https:\/\/mediocudeyo.es\/web\/wp-json\/wp\/v2\/comments?post=25049"}],"version-history":[{"count":5,"href":"https:\/\/mediocudeyo.es\/web\/wp-json\/wp\/v2\/posts\/25049\/revisions"}],"predecessor-version":[{"id":25055,"href":"https:\/\/mediocudeyo.es\/web\/wp-json\/wp\/v2\/posts\/25049\/revisions\/25055"}],"wp:featuredmedia":[{"embeddable":true,"href":"https:\/\/mediocudeyo.es\/web\/wp-json\/wp\/v2\/media\/25050"}],"wp:attachment":[{"href":"https:\/\/mediocudeyo.es\/web\/wp-json\/wp\/v2\/media?parent=25049"}],"wp:term":[{"taxonomy":"category","embeddable":true,"href":"https:\/\/mediocudeyo.es\/web\/wp-json\/wp\/v2\/categories?post=25049"},{"taxonomy":"post_tag","embeddable":true,"href":"https:\/\/mediocudeyo.es\/web\/wp-json\/wp\/v2\/tags?post=25049"}],"curies":[{"name":"wp","href":"https:\/\/api.w.org\/{rel}","templated":true}]}}