{"id":2507,"date":"2017-09-25T14:39:33","date_gmt":"2017-09-25T13:39:33","guid":{"rendered":"http:\/\/mediocudeyo.es\/web\/?p=2507"},"modified":"2017-09-25T14:39:33","modified_gmt":"2017-09-25T13:39:33","slug":"listados-de-admitidos-en-los-talleres-de-las-escuelas-culturales-de-medio-cudeyo-curso-2017-18","status":"publish","type":"post","link":"https:\/\/mediocudeyo.es\/web\/listados-de-admitidos-en-los-talleres-de-las-escuelas-culturales-de-medio-cudeyo-curso-2017-18\/","title":{"rendered":"LISTADOS DE ADMITIDOS EN LOS TALLERES DE LAS ESCUELAS CULTURALES DE MEDIO CUDEYO, CURSO 2017-18"},"content":{"rendered":"<p><strong>El viernes d\u00eda 29 de septiembre finaliza el plazo para formalizar la matr\u00edcula. Estamos a vuestra disposici\u00f3n en el Punto de Informaci\u00f3n Municipal del Centro Cultural Ram\u00f3n Pelayo (Solares)\u00a0 y en el tel. 942522685 de 9:00 a 21:00 h. para resolver cualquier duda que se os plantee al respecto.<\/strong><\/p>\n<p><strong>TEATRO INFANTIL: Jueves de 17:30-19:00 h.<\/strong><\/p>\n<table width=\"184\">\n<tbody>\n<tr>\n<td width=\"184\">Garc\u00eda Pe\u00f1a, Raquel<\/td>\n<\/tr>\n<tr>\n<td width=\"184\">G\u00f3mez Mu\u00f1os, Juan David<\/td>\n<\/tr>\n<tr>\n<td width=\"184\">Herrero Agudo, Irene<\/td>\n<\/tr>\n<tr>\n<td width=\"184\">Mayo Centeno, Hugo<\/td>\n<\/tr>\n<tr>\n<td width=\"184\">Mesa Merino, Manuel<\/td>\n<\/tr>\n<tr>\n<td width=\"184\">P\u00e9rez Romero, Celia<\/td>\n<\/tr>\n<tr>\n<td width=\"184\">Rivas Garc\u00eda, Manuel<\/td>\n<\/tr>\n<tr>\n<td width=\"184\">Rodriguez Andrade, \u00c1ngel<\/td>\n<\/tr>\n<tr>\n<td width=\"184\">Santos Torre, Ang\u00e9lica<\/td>\n<\/tr>\n<\/tbody>\n<\/table>\n<p><!--more--><\/p>\n<p>&nbsp;<\/p>\n<p><strong>TEATRO J\u00d3VENES: Lunes de 18:00-19:30 h.<\/strong><\/p>\n<table width=\"207\">\n<tbody>\n<tr>\n<td width=\"207\">Bercedo Herrero, Marina<\/td>\n<\/tr>\n<tr>\n<td width=\"207\">Celis Camueso, Sara<\/td>\n<\/tr>\n<tr>\n<td width=\"207\">D\u00edez Guti\u00e9rrez, Daniel<\/td>\n<\/tr>\n<tr>\n<td width=\"207\">Fadrique Lois, Mateo<\/td>\n<\/tr>\n<tr>\n<td width=\"207\">Garcinu\u00f1o Urbieta, Laura<\/td>\n<\/tr>\n<tr>\n<td width=\"207\">G\u00f3mez Campo, Andrea<\/td>\n<\/tr>\n<tr>\n<td width=\"207\">G\u00f3mez Campo, Marina<\/td>\n<\/tr>\n<tr>\n<td width=\"207\">Herrero Agudo, Luc\u00eda<\/td>\n<\/tr>\n<tr>\n<td width=\"207\">L\u00f3pez Delgado Jana<\/td>\n<\/tr>\n<tr>\n<td width=\"207\">Ojeda Mart\u00edn, Sebasti\u00e1n<\/td>\n<\/tr>\n<\/tbody>\n<\/table>\n<p>&nbsp;<\/p>\n<p><strong>TEATRO ADULTOS: Jueves de 19:30-21:00 h.<\/strong><\/p>\n<table width=\"193\">\n<tbody>\n<tr>\n<td width=\"193\">Canales Garc\u00eda, Mar\u00eda Antonia<\/td>\n<\/tr>\n<tr>\n<td width=\"193\">Carrera Cabestrero, Laura<\/td>\n<\/tr>\n<tr>\n<td width=\"193\">Gandarillas Solinis, Alberto<\/td>\n<\/tr>\n<tr>\n<td width=\"193\">Lorenzo Vicente, Elvira<\/td>\n<\/tr>\n<tr>\n<td width=\"193\">Merino Martinez, Beatriz<\/td>\n<\/tr>\n<tr>\n<td width=\"193\">Merino Martinez, Ram\u00f3n<\/td>\n<\/tr>\n<tr>\n<td width=\"193\">P\u00e9rez Robles, Mar\u00eda Jes\u00fas<\/td>\n<\/tr>\n<tr>\n<td width=\"193\">Riera Gonz\u00e1lez, Beatriz<\/td>\n<\/tr>\n<tr>\n<td width=\"193\">Ruiz Gonz\u00e1lez, Laura<\/td>\n<\/tr>\n<tr>\n<td width=\"193\">Sastre \u00c1lvarez, Rosa Mar\u00eda<\/td>\n<\/tr>\n<tr>\n<td width=\"193\">Solana Bolado, Consuelo<\/td>\n<\/tr>\n<tr>\n<td width=\"193\">Ter\u00e1n Romano, C\u00e9sar<\/td>\n<\/tr>\n<tr>\n<td width=\"193\">Trueba Fern\u00e1ndez, Tom\u00e1s<\/td>\n<\/tr>\n<\/tbody>\n<\/table>\n<p>&nbsp;<\/p>\n<p><strong>AJEDREZ 6-16 A\u00d1OS: Martes de 18:00-19:00 h.<\/strong><\/p>\n<table width=\"239\">\n<tbody>\n<tr>\n<td width=\"239\">\u00c1lvarez Rubio, Daniel<\/td>\n<\/tr>\n<tr>\n<td width=\"239\">Blanco Espurz, \u00c1lvaro<\/td>\n<\/tr>\n<tr>\n<td width=\"239\">D\u00edaz G\u00f3mez, Mart\u00edn<\/td>\n<\/tr>\n<tr>\n<td width=\"239\">L\u00f3pez G\u00f3mez, Miguel \u00c1ngel<\/td>\n<\/tr>\n<tr>\n<td width=\"239\">Rodr\u00edguez Andrade, Diego<\/td>\n<\/tr>\n<tr>\n<td width=\"239\">Ruiz Garc\u00eda Mar\u00eda, L\u00edan<\/td>\n<\/tr>\n<tr>\n<td width=\"239\">Sainz-Bustamante G\u00f3mez, H\u00e9ctor<\/td>\n<\/tr>\n<\/tbody>\n<\/table>\n<p>&nbsp;<\/p>\n<p><strong>LITTLE CHEF 3-5 A\u00d1OS: Mi\u00e9rcoles 17:15-18:15 h.<\/strong><\/p>\n<table width=\"237\">\n<tbody>\n<tr>\n<td width=\"237\">Campo Barqu\u00edn, Daniel<\/td>\n<\/tr>\n<tr>\n<td width=\"237\">De la Hoz Casado, Juan Jos\u00e9<\/td>\n<\/tr>\n<tr>\n<td width=\"237\">Guerra Castillo, Isabel<\/td>\n<\/tr>\n<tr>\n<td width=\"237\">Guti\u00e9rrez Villar, Aurora<\/td>\n<\/tr>\n<tr>\n<td width=\"237\">Kamenova Yankova, Carolina<\/td>\n<\/tr>\n<tr>\n<td width=\"237\">Lav\u00edn Ag\u00fcero, Javier<\/td>\n<\/tr>\n<tr>\n<td width=\"237\">Mendieta Velasco, Irati<\/td>\n<\/tr>\n<tr>\n<td width=\"237\">Perez L\u00f3pez, Martina<\/td>\n<\/tr>\n<tr>\n<td width=\"237\">Perez L\u00f3pez, Sergio<\/td>\n<\/tr>\n<tr>\n<td width=\"237\">Ruiz G\u00f3mez, Deva<\/td>\n<\/tr>\n<tr>\n<td width=\"237\">San Rom\u00e1n Cagigas, Laia<\/td>\n<\/tr>\n<tr>\n<td width=\"237\">Sanchez Perojo, Amanda<\/td>\n<\/tr>\n<\/tbody>\n<\/table>\n<p>&nbsp;<\/p>\n<p><strong>LITTLE CHEF 3-5 A\u00d1OS: Mi\u00e9rcoles 18:15-19:15 h.<\/strong><\/p>\n<table width=\"267\">\n<tbody>\n<tr>\n<td width=\"267\">Abascal Barqu\u00edn, Hugo<\/td>\n<\/tr>\n<tr>\n<td width=\"267\">Cobo Guti\u00e9rrez, Paula<\/td>\n<\/tr>\n<tr>\n<td width=\"267\">Garc\u00eda Collantes, Lucas<\/td>\n<\/tr>\n<tr>\n<td width=\"267\">Garc\u00eda Collantes, Mateo<\/td>\n<\/tr>\n<tr>\n<td width=\"267\">Herrero Toca, \u00c1lvaro<\/td>\n<\/tr>\n<tr>\n<td width=\"267\">Komatsu, Nicole<\/td>\n<\/tr>\n<tr>\n<td width=\"267\">Prieto Gonz\u00e1lez, Marina<\/td>\n<\/tr>\n<tr>\n<td width=\"267\">Redondo Bedia, Carla<\/td>\n<\/tr>\n<tr>\n<td width=\"267\">San Emeterio Rodr\u00edguez, Amaya<\/td>\n<\/tr>\n<tr>\n<td width=\"267\">Sumaza Madrazo, Marcos<\/td>\n<\/tr>\n<\/tbody>\n<\/table>\n<p>&nbsp;<\/p>\n<p><strong>LITTLE CHEF 3-5 A\u00d1OS: Jueves de 17:15 a 18:15 h.<\/strong><\/p>\n<table width=\"235\">\n<tbody>\n<tr>\n<td width=\"235\">Bartolom\u00e9 Cobo, Valeria<\/td>\n<\/tr>\n<tr>\n<td width=\"235\">del Prado Mangas, Marcos<\/td>\n<\/tr>\n<tr>\n<td width=\"235\">Fernandez Campo, Yeray<\/td>\n<\/tr>\n<tr>\n<td width=\"235\">Fern\u00e1ndez Fern\u00e1ndez, Aar\u00f3n<\/td>\n<\/tr>\n<tr>\n<td width=\"235\">Garmendia Torres, Carla<\/td>\n<\/tr>\n<tr>\n<td width=\"235\">Manzanas Guti\u00e9rrez, Neco<\/td>\n<\/tr>\n<tr>\n<td width=\"235\">N\u00fa\u00f1ez Cobo, H\u00e9ctor<\/td>\n<\/tr>\n<tr>\n<td width=\"235\">P\u00e9rez Romero, Jorge<\/td>\n<\/tr>\n<tr>\n<td width=\"235\">Prieto Mangas,, Jorge<\/td>\n<\/tr>\n<tr>\n<td width=\"235\">Rozas Fern\u00e1ndez, Jimena<\/td>\n<\/tr>\n<tr>\n<td width=\"235\">Ruiz Gonz\u00e1lez, Julia<\/td>\n<\/tr>\n<tr>\n<td width=\"235\">Velasco Lav\u00edn, Samuel<\/td>\n<\/tr>\n<\/tbody>\n<\/table>\n<p>&nbsp;<\/p>\n<p><strong>LITTLE CHEF 6-10 A\u00d1OS: Jueves de 18:15 a 19:15 h.<\/strong><\/p>\n<table width=\"237\">\n<tbody>\n<tr>\n<td width=\"237\">\u00c1lvarez Rubio, In\u00e9s<\/td>\n<\/tr>\n<tr>\n<td width=\"237\">De Pedro Carbajo, Ainhoa<\/td>\n<\/tr>\n<tr>\n<td width=\"237\">D\u00edaz G\u00f3mez, Mart\u00edn<\/td>\n<\/tr>\n<tr>\n<td width=\"237\">G\u00f3mez Portilla, \u00c1ngel<\/td>\n<\/tr>\n<tr>\n<td width=\"237\">Herrero Hinojal, Diego<\/td>\n<\/tr>\n<tr>\n<td width=\"237\">Men\u00e9ndez Rodr\u00edguez, Diego<\/td>\n<\/tr>\n<tr>\n<td width=\"237\">Moreno Silva, Julen<\/td>\n<\/tr>\n<tr>\n<td width=\"237\">Portilla Castanedo, Mar\u00eda<\/td>\n<\/tr>\n<tr>\n<td width=\"237\">Rueda Regato, Daniel<\/td>\n<\/tr>\n<tr>\n<td width=\"237\">Sanz Plachta, Maya<\/td>\n<\/tr>\n<\/tbody>\n<\/table>\n<p>&nbsp;<\/p>\n","protected":false},"excerpt":{"rendered":"<p>El viernes d\u00eda 29 de septiembre finaliza el plazo para formalizar la matr\u00edcula. Estamos a vuestra disposici\u00f3n en el Punto de Informaci\u00f3n Municipal del Centro Cultural Ram\u00f3n Pelayo (Solares)\u00a0 y [&hellip;]<\/p>\n","protected":false},"author":4,"featured_media":0,"comment_status":"closed","ping_status":"closed","sticky":false,"template":"","format":"standard","meta":{"footnotes":""},"categories":[59],"tags":[92],"class_list":["post-2507","post","type-post","status-publish","format-standard","hentry","category-cultura","tag-escuelas-culturales"],"_links":{"self":[{"href":"https:\/\/mediocudeyo.es\/web\/wp-json\/wp\/v2\/posts\/2507"}],"collection":[{"href":"https:\/\/mediocudeyo.es\/web\/wp-json\/wp\/v2\/posts"}],"about":[{"href":"https:\/\/mediocudeyo.es\/web\/wp-json\/wp\/v2\/types\/post"}],"author":[{"embeddable":true,"href":"https:\/\/mediocudeyo.es\/web\/wp-json\/wp\/v2\/users\/4"}],"replies":[{"embeddable":true,"href":"https:\/\/mediocudeyo.es\/web\/wp-json\/wp\/v2\/comments?post=2507"}],"version-history":[{"count":0,"href":"https:\/\/mediocudeyo.es\/web\/wp-json\/wp\/v2\/posts\/2507\/revisions"}],"wp:attachment":[{"href":"https:\/\/mediocudeyo.es\/web\/wp-json\/wp\/v2\/media?parent=2507"}],"wp:term":[{"taxonomy":"category","embeddable":true,"href":"https:\/\/mediocudeyo.es\/web\/wp-json\/wp\/v2\/categories?post=2507"},{"taxonomy":"post_tag","embeddable":true,"href":"https:\/\/mediocudeyo.es\/web\/wp-json\/wp\/v2\/tags?post=2507"}],"curies":[{"name":"wp","href":"https:\/\/api.w.org\/{rel}","templated":true}]}}