{"id":2579,"date":"2017-10-16T14:52:53","date_gmt":"2017-10-16T13:52:53","guid":{"rendered":"http:\/\/mediocudeyo.es\/web\/?p=2579"},"modified":"2017-10-16T14:52:53","modified_gmt":"2017-10-16T13:52:53","slug":"noches-de-opera-y-zarzuela","status":"publish","type":"post","link":"https:\/\/mediocudeyo.es\/web\/noches-de-opera-y-zarzuela\/","title":{"rendered":"NOCHES DE \u00d3PERA Y ZARZUELA"},"content":{"rendered":"<p><img fetchpriority=\"high\" decoding=\"async\" class=\"alignnone size-large wp-image-2580\" src=\"http:\/\/mediocudeyo.es\/web\/wp-content\/uploads\/2017\/10\/NOCHES-DE-OPERA-Y-ZARZUELA.-1024x724.jpg\" alt=\"\" width=\"474\" height=\"335\" \/><\/p>\n<p>Viernes 20 de octubre, 20:30 h. Centro Cultural Ram\u00f3n Pelayo (Solares). Precio: 3.00\u20ac<\/p>\n<p>Este recital pretende acercar el maravilloso mundo de la \u00f3pera y la zarzuela al p\u00fablico en general de una manera f\u00e1cil, \u00e1gil y amena, con una selecci\u00f3n de algunos de los m\u00e1s reconocidos y famosos fragmentos del g\u00e9nero.<\/p>\n","protected":false},"excerpt":{"rendered":"<p>Viernes 20 de octubre, 20:30 h. Centro Cultural Ram\u00f3n Pelayo (Solares). Precio: 3.00\u20ac Este recital pretende acercar el maravilloso mundo de la \u00f3pera y la zarzuela al p\u00fablico en general [&hellip;]<\/p>\n","protected":false},"author":4,"featured_media":0,"comment_status":"closed","ping_status":"closed","sticky":false,"template":"","format":"standard","meta":{"footnotes":""},"categories":[59],"tags":[58,90,179,82],"class_list":["post-2579","post","type-post","status-publish","format-standard","hentry","category-cultura","tag-centro-cultural-ramon-pelayo","tag-concierto","tag-enredarte","tag-fusionarte"],"_links":{"self":[{"href":"https:\/\/mediocudeyo.es\/web\/wp-json\/wp\/v2\/posts\/2579"}],"collection":[{"href":"https:\/\/mediocudeyo.es\/web\/wp-json\/wp\/v2\/posts"}],"about":[{"href":"https:\/\/mediocudeyo.es\/web\/wp-json\/wp\/v2\/types\/post"}],"author":[{"embeddable":true,"href":"https:\/\/mediocudeyo.es\/web\/wp-json\/wp\/v2\/users\/4"}],"replies":[{"embeddable":true,"href":"https:\/\/mediocudeyo.es\/web\/wp-json\/wp\/v2\/comments?post=2579"}],"version-history":[{"count":0,"href":"https:\/\/mediocudeyo.es\/web\/wp-json\/wp\/v2\/posts\/2579\/revisions"}],"wp:attachment":[{"href":"https:\/\/mediocudeyo.es\/web\/wp-json\/wp\/v2\/media?parent=2579"}],"wp:term":[{"taxonomy":"category","embeddable":true,"href":"https:\/\/mediocudeyo.es\/web\/wp-json\/wp\/v2\/categories?post=2579"},{"taxonomy":"post_tag","embeddable":true,"href":"https:\/\/mediocudeyo.es\/web\/wp-json\/wp\/v2\/tags?post=2579"}],"curies":[{"name":"wp","href":"https:\/\/api.w.org\/{rel}","templated":true}]}}