{"id":2629,"date":"2017-10-20T08:01:32","date_gmt":"2017-10-20T08:01:32","guid":{"rendered":"http:\/\/mediocudeyo.es\/web\/?p=2629"},"modified":"2022-12-12T11:38:08","modified_gmt":"2022-12-12T11:38:08","slug":"filmoteca-el-ultimo-traje","status":"publish","type":"post","link":"https:\/\/mediocudeyo.es\/web\/filmoteca-el-ultimo-traje\/","title":{"rendered":"FILMOTECA: EL \u00daLTIMO TRAJE"},"content":{"rendered":"<p><img fetchpriority=\"high\" decoding=\"async\" class=\"alignnone size-large wp-image-2630\" src=\"http:\/\/mediocudeyo.es\/web\/wp-content\/uploads\/2017\/10\/el_ultimo_traje-431315259-large-724x1024.jpg\" alt=\"\" width=\"474\" height=\"670\" \/><\/p>\n<p>Lunes 23 de octubre, 20:00 h. Centro Cultural Ram\u00f3n Pelayo (Solares). Precio \u00fanico: 2,50\u20ac<!--more--><\/p>\n<p>A\u00f1o: 2017<\/p>\n<p>Duraci\u00f3n: 86 min.<\/p>\n<div class=\"product-details-content margin-bottom-5\"><label class=\"mcu-text-details-text-b\">Calificaci\u00f3n:<\/label> <label class=\"custom-simple-label\">NO RECOMENDADA PARA MENORES DE SIETE A\u00d1OS <\/label><\/div>\n<p><label class=\"mcu-text-details-text-b\">Nacionalidad:<\/label>\u00a0<label>ESPA\u00d1A (70.00%) ARGENTINA (30.00%) <\/label><\/p>\n<p>Director:<span class=\"director\" style=\"color: #000000;\"> Pablo Solarz<\/span><\/p>\n<p><span style=\"color: #000000;\"> Guion: <span class=\"nb\">Pablo Solarz<\/span><\/span><\/p>\n<p><span style=\"color: #000000;\">M\u00fasica: <span class=\"nb\">Federico Jusid<\/span><\/span><\/p>\n<p><span style=\"color: #000000;\">Fotograf\u00eda: <span class=\"nb\">Juan Carlos G\u00f3mez<\/span><\/span><\/p>\n<p><span style=\"color: #000000;\">Reparto:<span class=\"cast\"> Miguel \u00c1ngel Sol\u00e1, <\/span> <span class=\"cast\"> \u00c1ngela Molina, <\/span> <span class=\"cast\"> Mart\u00edn Piroyansky, <\/span> <span class=\"cast\"> Natalia Verbeke, <\/span> <span class=\"cast\"> Julia Beerhold, <\/span> <span class=\"cast\"> Olga Boladz, <\/span> <span class=\"cast\"> Jan Mayzel, <\/span> <span class=\"cast\"> Maarten Dannenberg <\/span><\/span><\/p>\n<p><span style=\"color: #000000;\">Productora: <span class=\"nb\">Coproducci\u00f3n Argentina-Espa\u00f1a; Zampa Audiovisual \/ Tornasol Films \/ Hern\u00e1ndez y Fern\u00e1ndez PC \/ Rescate Producciones AIE \/ Haddock Films \/ Patagonik Films Group<\/span><\/span><\/p>\n<p><span style=\"color: #000000;\">G\u00e9nero: Drama<\/span><\/p>\n<p><span style=\"color: #000000;\"> Sinopsis:Narra el viaje de Abraham (Miguel \u00c1ngel Sol\u00e1), un sastre jud\u00edo de 88 a\u00f1os que decide embarcarse en la aventura de encontrar a un viejo amigo que le salv\u00f3 hace m\u00e1s de siete d\u00e9cadas de una muerte segura durante el holocausto, hacia el final de la ocupaci\u00f3n Nazi.<\/span><\/p>\n<p><a href=\"https:\/\/www.youtube.com\/watch?v=v3b8OWbXGMY\" data-rel=\"lightbox-video-0\">TRAILER \u00abEL \u00daLTIMO TRAJE\u00bb<\/a><\/p>\n<p>&nbsp;<\/p>\n","protected":false},"excerpt":{"rendered":"<p>Lunes 23 de octubre, 20:00 h. Centro Cultural Ram\u00f3n Pelayo (Solares). Precio \u00fanico: 2,50\u20ac<\/p>\n","protected":false},"author":4,"featured_media":0,"comment_status":"closed","ping_status":"closed","sticky":false,"template":"","format":"standard","meta":{"footnotes":""},"categories":[59],"tags":[58,116,117],"class_list":["post-2629","post","type-post","status-publish","format-standard","hentry","category-cultura","tag-centro-cultural-ramon-pelayo","tag-cine","tag-filmoteca"],"_links":{"self":[{"href":"https:\/\/mediocudeyo.es\/web\/wp-json\/wp\/v2\/posts\/2629"}],"collection":[{"href":"https:\/\/mediocudeyo.es\/web\/wp-json\/wp\/v2\/posts"}],"about":[{"href":"https:\/\/mediocudeyo.es\/web\/wp-json\/wp\/v2\/types\/post"}],"author":[{"embeddable":true,"href":"https:\/\/mediocudeyo.es\/web\/wp-json\/wp\/v2\/users\/4"}],"replies":[{"embeddable":true,"href":"https:\/\/mediocudeyo.es\/web\/wp-json\/wp\/v2\/comments?post=2629"}],"version-history":[{"count":1,"href":"https:\/\/mediocudeyo.es\/web\/wp-json\/wp\/v2\/posts\/2629\/revisions"}],"predecessor-version":[{"id":17682,"href":"https:\/\/mediocudeyo.es\/web\/wp-json\/wp\/v2\/posts\/2629\/revisions\/17682"}],"wp:attachment":[{"href":"https:\/\/mediocudeyo.es\/web\/wp-json\/wp\/v2\/media?parent=2629"}],"wp:term":[{"taxonomy":"category","embeddable":true,"href":"https:\/\/mediocudeyo.es\/web\/wp-json\/wp\/v2\/categories?post=2629"},{"taxonomy":"post_tag","embeddable":true,"href":"https:\/\/mediocudeyo.es\/web\/wp-json\/wp\/v2\/tags?post=2629"}],"curies":[{"name":"wp","href":"https:\/\/api.w.org\/{rel}","templated":true}]}}