{"id":2707,"date":"2017-10-30T19:41:59","date_gmt":"2017-10-30T18:41:59","guid":{"rendered":"http:\/\/mediocudeyo.es\/web\/?p=2707"},"modified":"2017-10-30T19:41:59","modified_gmt":"2017-10-30T18:41:59","slug":"noche-en-los-picos","status":"publish","type":"post","link":"https:\/\/mediocudeyo.es\/web\/noche-en-los-picos\/","title":{"rendered":"NOCHE EN LOS PICOS"},"content":{"rendered":"<p><img fetchpriority=\"high\" decoding=\"async\" class=\"alignnone size-large wp-image-2723\" src=\"http:\/\/mediocudeyo.es\/web\/wp-content\/uploads\/2017\/10\/Juan-Carlos-Gago-1-724x1024.jpg\" alt=\"\" width=\"474\" height=\"670\" \/><\/p>\n<p>S\u00e1bado 4 de noviembre, 20:15 h. Centro Cultural Ram\u00f3n Pelayo (Solares).<\/p>\n<p>Invitaciones gratuitas disponibles en el Punto de Informaci\u00f3n Municipal del Centro Cultural, tel. 942522685<\/p>\n","protected":false},"excerpt":{"rendered":"<p>S\u00e1bado 4 de noviembre, 20:15 h. Centro Cultural Ram\u00f3n Pelayo (Solares). Invitaciones gratuitas disponibles en el Punto de Informaci\u00f3n Municipal del Centro Cultural, tel. 942522685<\/p>\n","protected":false},"author":4,"featured_media":0,"comment_status":"closed","ping_status":"closed","sticky":false,"template":"","format":"standard","meta":{"footnotes":""},"categories":[59],"tags":[58,90],"class_list":["post-2707","post","type-post","status-publish","format-standard","hentry","category-cultura","tag-centro-cultural-ramon-pelayo","tag-concierto"],"_links":{"self":[{"href":"https:\/\/mediocudeyo.es\/web\/wp-json\/wp\/v2\/posts\/2707"}],"collection":[{"href":"https:\/\/mediocudeyo.es\/web\/wp-json\/wp\/v2\/posts"}],"about":[{"href":"https:\/\/mediocudeyo.es\/web\/wp-json\/wp\/v2\/types\/post"}],"author":[{"embeddable":true,"href":"https:\/\/mediocudeyo.es\/web\/wp-json\/wp\/v2\/users\/4"}],"replies":[{"embeddable":true,"href":"https:\/\/mediocudeyo.es\/web\/wp-json\/wp\/v2\/comments?post=2707"}],"version-history":[{"count":0,"href":"https:\/\/mediocudeyo.es\/web\/wp-json\/wp\/v2\/posts\/2707\/revisions"}],"wp:attachment":[{"href":"https:\/\/mediocudeyo.es\/web\/wp-json\/wp\/v2\/media?parent=2707"}],"wp:term":[{"taxonomy":"category","embeddable":true,"href":"https:\/\/mediocudeyo.es\/web\/wp-json\/wp\/v2\/categories?post=2707"},{"taxonomy":"post_tag","embeddable":true,"href":"https:\/\/mediocudeyo.es\/web\/wp-json\/wp\/v2\/tags?post=2707"}],"curies":[{"name":"wp","href":"https:\/\/api.w.org\/{rel}","templated":true}]}}